{"id":5999,"date":"2017-07-17T20:49:21","date_gmt":"2017-07-17T23:49:21","guid":{"rendered":"https:\/\/blogs.correiobraziliense.com.br\/servidor\/?p=5999"},"modified":"2017-07-17T20:49:21","modified_gmt":"2017-07-17T23:49:21","slug":"geap-em-parceria-com-o-metro-brasilia-apresenta-o-forro-saude","status":"publish","type":"post","link":"https:\/\/blogs.correiobraziliense.com.br\/servidor\/geap-em-parceria-com-o-metro-brasilia-apresenta-o-forro-saude\/","title":{"rendered":"Geap, em parceria com o Metr\u00f4 Bras\u00edlia, apresenta o Forr\u00f3 Sa\u00fade"},"content":{"rendered":"<p><em>Apresenta\u00e7\u00f5es de trio p\u00e9 de serra e atendimento nas esta\u00e7\u00f5es marcam a\u00e7\u00e3o in\u00e9dita em Bras\u00edlia. A ideia, desenvolvida pela Geap, maior operadora de planos de sa\u00fade dos servidores federais, em parceria com o metr\u00f4<\/em><\/p>\n<p>T\u00edpico na regi\u00e3o Nordeste, o forr\u00f3 conquistou o Brasil. E n\u00e3o se limitou apenas \u00e0s festas juninas. Na ter\u00e7a-feira, 18, o ritmo ser\u00e1 a principal atra\u00e7\u00e3o de uma a\u00e7\u00e3o in\u00e9dita, de preven\u00e7\u00e3o da sa\u00fade, em Bras\u00edlia. O Forr\u00f3 Sa\u00fade vai desenvolver uma s\u00e9rie de a\u00e7\u00f5es, dentro das esta\u00e7\u00f5es do metr\u00f4. A ideia ser\u00e1 desenvolvida pela Geap, operadora de planos de sa\u00fade, que atende servidores p\u00fablicos, em parceria com o metr\u00f4.<\/p>\n<p>O &#8220;Forr\u00f3 da Sa\u00fade\u201d \u00e9 inspirado nos famosos \u201cTrens do Forr\u00f3\u201d, comuns, especialmente, na Para\u00edba e Pernambuco.<\/p>\n<p><strong>Forr\u00f3 no trem e atendimento na esta\u00e7\u00e3o<\/strong><\/p>\n<p>Enquanto o trio de forr\u00f3 p\u00e9 de serra tocar no trem, nas esta\u00e7\u00f5es Central (da rodovi\u00e1ria do Plano Piloto) e Galeria (da Galeria dos Estados), os usu\u00e1rios do Metr\u00f4 ter\u00e3o acesso a diversos servi\u00e7os de sa\u00fade: Aferi\u00e7\u00e3o de press\u00e3o Arterial e Glicemia, Aferi\u00e7\u00e3o de Press\u00e3o Ocular, Atividades de Relaxamento e Alongamento.<\/p>\n<p>A Diretora de Controle de Qualidade da Geap, Luciana Rodriguez, destaca que o papel da Geap \u00e9 promover sa\u00fade: \u201cA\u00e7\u00f5es de preven\u00e7\u00e3o reduzem cerca de 30% o n\u00famero de interna\u00e7\u00f5es. Essa iniciativa valoriza o bem-estar e a qualidade de vida\u201d, explicou.<\/p>\n<p>\u201cAcreditamos que a mudan\u00e7a de atitude e h\u00e1bitos saud\u00e1veis devem alcan\u00e7ar \u00a0a popula\u00e7\u00e3o em geral\u201d, afirma o Diretor de Servi\u00e7os da Geap, A. J. Motta.<\/p>\n<p>Servi\u00e7o:<\/p>\n<p>Geap e Metr\u00f4-DF &#8211; Forr\u00f3 da Sa\u00fade<\/p>\n<p>Data: 18\/07 &#8211; Apresenta\u00e7\u00e3o de trio de forr\u00f3 em interface com as atividades de promo\u00e7\u00e3o da sa\u00fade<\/p>\n<p>&nbsp;<\/p>\n<p>Hor\u00e1rio\/Local: 13h30 \u00e0s 16h30 \u2013 Apresenta\u00e7\u00e3o itinerante de trios de forr\u00f3 p\u00e9 de serra dentro de trem:<\/p>\n<p>&#8211; 13h30 \u2013 partindo da Esta\u00e7\u00e3o de Metr\u00f4 114 Sul \u2013 percurso at\u00e9 esta\u00e7\u00e3o Galeria<\/p>\n<p>&#8211; 14h30 \u2013 partindo da Esta\u00e7\u00e3o Central at\u00e9 a Esta\u00e7\u00e3o de Metr\u00f4 114 Sul<\/p>\n<p>&nbsp;<\/p>\n<p>Hor\u00e1rio\/Local: 13h30 \u00e0s 17h &#8211; Atendimentos na Esta\u00e7\u00e3o de Metr\u00f4 Central (Rodovi\u00e1ria)<\/p>\n<p>Aferi\u00e7\u00e3o de Press\u00e3o Arterial e Glicemia, Aferi\u00e7\u00e3o de Press\u00e3o Ocular, Atividades de relaxamento e Alongamento<\/p>\n<p>&nbsp;<\/p>\n<p>Hor\u00e1rio\/Local: 13h30 \u00e0s 17h &#8211; Atendimentos na Esta\u00e7\u00e3o de Metr\u00f4 Galeria<\/p>\n<p>Aferi\u00e7\u00e3o de Press\u00e3o Arterial e Glicemia, Aferi\u00e7\u00e3o de Press\u00e3o Ocular, Atividades de relaxamento e Alongamento<\/p>\n","protected":false},"excerpt":{"rendered":"<p>Apresenta\u00e7\u00f5es de trio p\u00e9 de serra e atendimento nas esta\u00e7\u00f5es marcam a\u00e7\u00e3o in\u00e9dita em Bras\u00edlia. A ideia, desenvolvida pela Geap, maior operadora de planos de sa\u00fade dos servidores federais, em parceria com o metr\u00f4 T\u00edpico na regi\u00e3o Nordeste, o forr\u00f3 conquistou o Brasil. E n\u00e3o se limitou apenas \u00e0s festas juninas. Na ter\u00e7a-feira, 18, o ritmo ser\u00e1 a principal atra\u00e7\u00e3o [&hellip;]<\/p>\n","protected":false},"author":27,"featured_media":0,"comment_status":"open","ping_status":"closed","sticky":false,"template":"","format":"standard","meta":{"footnotes":""},"categories":[2719],"tags":[1258,2203,7523,551,4988,59,7522,76,7524,7527,7521,7525,1772,615,2212,787,7526,616,1379,58,372],"class_list":["post-5999","post","type-post","status-publish","format-standard","hentry","category-servidor","tag-afericao","tag-alongamento","tag-arterial","tag-atendimento","tag-bem-estar","tag-federais","tag-forro-saude","tag-geap","tag-glicemia","tag-internacoes","tag-metro","tag-ocular","tag-parceria","tag-plano","tag-pressao","tag-qualidade","tag-relaxamento","tag-saude","tag-servicos","tag-servidores","tag-vida"],"_links":{"self":[{"href":"https:\/\/blogs.correiobraziliense.com.br\/servidor\/wp-json\/wp\/v2\/posts\/5999","targetHints":{"allow":["GET"]}}],"collection":[{"href":"https:\/\/blogs.correiobraziliense.com.br\/servidor\/wp-json\/wp\/v2\/posts"}],"about":[{"href":"https:\/\/blogs.correiobraziliense.com.br\/servidor\/wp-json\/wp\/v2\/types\/post"}],"author":[{"embeddable":true,"href":"https:\/\/blogs.correiobraziliense.com.br\/servidor\/wp-json\/wp\/v2\/users\/27"}],"replies":[{"embeddable":true,"href":"https:\/\/blogs.correiobraziliense.com.br\/servidor\/wp-json\/wp\/v2\/comments?post=5999"}],"version-history":[{"count":1,"href":"https:\/\/blogs.correiobraziliense.com.br\/servidor\/wp-json\/wp\/v2\/posts\/5999\/revisions"}],"predecessor-version":[{"id":6000,"href":"https:\/\/blogs.correiobraziliense.com.br\/servidor\/wp-json\/wp\/v2\/posts\/5999\/revisions\/6000"}],"wp:attachment":[{"href":"https:\/\/blogs.correiobraziliense.com.br\/servidor\/wp-json\/wp\/v2\/media?parent=5999"}],"wp:term":[{"taxonomy":"category","embeddable":true,"href":"https:\/\/blogs.correiobraziliense.com.br\/servidor\/wp-json\/wp\/v2\/categories?post=5999"},{"taxonomy":"post_tag","embeddable":true,"href":"https:\/\/blogs.correiobraziliense.com.br\/servidor\/wp-json\/wp\/v2\/tags?post=5999"}],"curies":[{"name":"wp","href":"https:\/\/api.w.org\/{rel}","templated":true}]}}