{"id":5993,"date":"2017-07-17T20:05:45","date_gmt":"2017-07-17T23:05:45","guid":{"rendered":"https:\/\/blogs.correiobraziliense.com.br\/servidor\/?p=5993"},"modified":"2017-07-17T20:05:45","modified_gmt":"2017-07-17T23:05:45","slug":"receita-detalha-amanha-o-resultado-das-acoes-de-fiscalizacao-do-primeiro-semestre-de-2017","status":"publish","type":"post","link":"https:\/\/blogs.correiobraziliense.com.br\/servidor\/receita-detalha-amanha-o-resultado-das-acoes-de-fiscalizacao-do-primeiro-semestre-de-2017\/","title":{"rendered":"Receita detalha amanh\u00e3 o resultado das a\u00e7\u00f5es de fiscaliza\u00e7\u00e3o do primeiro semestre de  2017"},"content":{"rendered":"<p>Amanh\u00e3, 18 de julho, \u00e0s 11h, o subsecret\u00e1rio de\u00a0Fiscaliza\u00e7\u00e3o, auditor-fiscal I\u00e1garo Jung Martins, anuncia o resultado das a\u00e7\u00f5es de fiscaliza\u00e7\u00e3o da Receita Federal do 1\u00ba semestre de 2017 e as a\u00e7\u00f5es previstas para o segundo semestre deste ano, na sede do Minist\u00e9rio da Fazenda em Bras\u00edlia.<\/p>\n","protected":false},"excerpt":{"rendered":"<p>Amanh\u00e3, 18 de julho, \u00e0s 11h, o subsecret\u00e1rio de\u00a0Fiscaliza\u00e7\u00e3o, auditor-fiscal I\u00e1garo Jung Martins, anuncia o resultado das a\u00e7\u00f5es de fiscaliza\u00e7\u00e3o da Receita Federal do 1\u00ba semestre de 2017 e as a\u00e7\u00f5es previstas para o segundo semestre deste ano, na sede do Minist\u00e9rio da Fazenda em Bras\u00edlia.<\/p>\n","protected":false},"author":27,"featured_media":0,"comment_status":"open","ping_status":"closed","sticky":false,"template":"","format":"standard","meta":{"footnotes":""},"categories":[2719],"tags":[3357,203,940,810,1070,294,2508,7514],"class_list":["post-5993","post","type-post","status-publish","format-standard","hentry","category-servidor","tag-3357","tag-acoes","tag-fiscalizacao","tag-ministerio-da-fazenda","tag-primeiro","tag-receita-federal","tag-resultado","tag-semestre"],"_links":{"self":[{"href":"https:\/\/blogs.correiobraziliense.com.br\/servidor\/wp-json\/wp\/v2\/posts\/5993","targetHints":{"allow":["GET"]}}],"collection":[{"href":"https:\/\/blogs.correiobraziliense.com.br\/servidor\/wp-json\/wp\/v2\/posts"}],"about":[{"href":"https:\/\/blogs.correiobraziliense.com.br\/servidor\/wp-json\/wp\/v2\/types\/post"}],"author":[{"embeddable":true,"href":"https:\/\/blogs.correiobraziliense.com.br\/servidor\/wp-json\/wp\/v2\/users\/27"}],"replies":[{"embeddable":true,"href":"https:\/\/blogs.correiobraziliense.com.br\/servidor\/wp-json\/wp\/v2\/comments?post=5993"}],"version-history":[{"count":1,"href":"https:\/\/blogs.correiobraziliense.com.br\/servidor\/wp-json\/wp\/v2\/posts\/5993\/revisions"}],"predecessor-version":[{"id":5994,"href":"https:\/\/blogs.correiobraziliense.com.br\/servidor\/wp-json\/wp\/v2\/posts\/5993\/revisions\/5994"}],"wp:attachment":[{"href":"https:\/\/blogs.correiobraziliense.com.br\/servidor\/wp-json\/wp\/v2\/media?parent=5993"}],"wp:term":[{"taxonomy":"category","embeddable":true,"href":"https:\/\/blogs.correiobraziliense.com.br\/servidor\/wp-json\/wp\/v2\/categories?post=5993"},{"taxonomy":"post_tag","embeddable":true,"href":"https:\/\/blogs.correiobraziliense.com.br\/servidor\/wp-json\/wp\/v2\/tags?post=5993"}],"curies":[{"name":"wp","href":"https:\/\/api.w.org\/{rel}","templated":true}]}}