{"id":5975,"date":"2017-07-17T11:54:21","date_gmt":"2017-07-17T14:54:21","guid":{"rendered":"https:\/\/blogs.correiobraziliense.com.br\/servidor\/?p=5975"},"modified":"2017-07-17T11:54:21","modified_gmt":"2017-07-17T14:54:21","slug":"mpog-divulga-estudo-sobre-impactos-do-saque-do-fgts","status":"publish","type":"post","link":"https:\/\/blogs.correiobraziliense.com.br\/servidor\/mpog-divulga-estudo-sobre-impactos-do-saque-do-fgts\/","title":{"rendered":"MPOG divulga estudo sobre impactos do saque do FGTS"},"content":{"rendered":"<p><em><strong>L<\/strong>ibera\u00e7\u00e3o de recursos de contas inativas j\u00e1 injetou R$ 41,8 bilh\u00f5es na economia<\/em><\/p>\n<p>O Minist\u00e9rio do Planejamento, Desenvolvimento e Gest\u00e3o (MP), por meio da Secretaria de Planejamento e Assuntos Econ\u00f4micos (Seplan), divulga nesta <span id=\"OBJ_PREFIX_DWT895_com_zimbra_date\" class=\"Object\">segunda<\/span>-feira (17), o impacto na economia dos recursos liberados do FGTS. De acordo com o levantamento, no acumulado entre <span id=\"OBJ_PREFIX_DWT891_com_zimbra_date\" class=\"Object\"><span id=\"OBJ_PREFIX_DWT896_com_zimbra_date\" class=\"Object\">10 de mar<\/span><\/span>\u00e7o e <span id=\"OBJ_PREFIX_DWT892_com_zimbra_date\" class=\"Object\"><span id=\"OBJ_PREFIX_DWT897_com_zimbra_date\" class=\"Object\">12 de julho<\/span><\/span>, foram sacados R$ 41,8 bilh\u00f5es das cerca de\u00a025 milh\u00f5es de contas inativas do Fundo de Garantia,\u00a0resultado acima das proje\u00e7\u00f5es iniciais.<\/p>\n<p>A expectativa inicial, de acordo com o secret\u00e1rio da Seplan, Marcos Ferrari, era de que apenas 70% dos saques fossem efetivados, \u201cmas j\u00e1 estamos chegando aos 100% de saques, cerca de R$ 43,6 bilh\u00f5es\u201d. De acordo com o estudo, a maioria dos recursos foi utilizado para quitar d\u00edvidas (36%).\u00a0Pesquisas de mercado apontam impactos paralelos da medida, como a redu\u00e7\u00e3o do uso de cheque especial (-4,5% em abril) e do cart\u00e3o de cr\u00e9dito (de 15,7% em mar\u00e7o para 5,7% em abril).<\/p>\n<p>Para Ferrari, os recursos das contas inativas \u201cdesafogou a renda das fam\u00edlias e permitiu que elas retomassem o consumo. Aliada a atual redu\u00e7\u00e3o das taxas de juros, a expectativa \u00e9 de esses impactos se estendam tamb\u00e9m para os pr\u00f3ximos meses\u201d, comentou\u00a0Ferrari.<\/p>\n<p><span id=\"OBJ_PREFIX_DWT893_com_zimbra_url\" class=\"Object\"><span id=\"OBJ_PREFIX_DWT898_com_zimbra_url\" class=\"Object\"><a class=\"external-link\" href=\"http:\/\/www.planejamento.gov.br\/secretarias\/upload\/Arquivos\/nota-informativa-fgts.pdf\/@@download\/file\/Nota%20Informativa%20FGTS.pdf\" target=\"_blank\">Acesse o\u00a0estudo\u00a0na \u00edntegra<\/a><\/span><\/span><\/p>\n<p>&nbsp;<\/p>\n","protected":false},"excerpt":{"rendered":"<p>Libera\u00e7\u00e3o de recursos de contas inativas j\u00e1 injetou R$ 41,8 bilh\u00f5es na economia O Minist\u00e9rio do Planejamento, Desenvolvimento e Gest\u00e3o (MP), por meio da Secretaria de Planejamento e Assuntos Econ\u00f4micos (Seplan), divulga nesta segunda-feira (17), o impacto na economia dos recursos liberados do FGTS. De acordo com o levantamento, no acumulado entre 10 de mar\u00e7o e 12 de julho, foram [&hellip;]<\/p>\n","protected":false},"author":27,"featured_media":0,"comment_status":"open","ping_status":"closed","sticky":false,"template":"","format":"standard","meta":{"footnotes":""},"categories":[2719],"tags":[5294,3026,3068,2278,1767,1247,88,1287,685,4523,5016,2421,7490,316,1666],"class_list":["post-5975","post","type-post","status-publish","format-standard","hentry","category-servidor","tag-acumulado","tag-cartao","tag-cheque","tag-contas","tag-credito","tag-dividas","tag-economia","tag-estudo","tag-fgts","tag-impactos","tag-inativas","tag-mpog","tag-projecoes","tag-recursos","tag-saque"],"_links":{"self":[{"href":"https:\/\/blogs.correiobraziliense.com.br\/servidor\/wp-json\/wp\/v2\/posts\/5975","targetHints":{"allow":["GET"]}}],"collection":[{"href":"https:\/\/blogs.correiobraziliense.com.br\/servidor\/wp-json\/wp\/v2\/posts"}],"about":[{"href":"https:\/\/blogs.correiobraziliense.com.br\/servidor\/wp-json\/wp\/v2\/types\/post"}],"author":[{"embeddable":true,"href":"https:\/\/blogs.correiobraziliense.com.br\/servidor\/wp-json\/wp\/v2\/users\/27"}],"replies":[{"embeddable":true,"href":"https:\/\/blogs.correiobraziliense.com.br\/servidor\/wp-json\/wp\/v2\/comments?post=5975"}],"version-history":[{"count":1,"href":"https:\/\/blogs.correiobraziliense.com.br\/servidor\/wp-json\/wp\/v2\/posts\/5975\/revisions"}],"predecessor-version":[{"id":5976,"href":"https:\/\/blogs.correiobraziliense.com.br\/servidor\/wp-json\/wp\/v2\/posts\/5975\/revisions\/5976"}],"wp:attachment":[{"href":"https:\/\/blogs.correiobraziliense.com.br\/servidor\/wp-json\/wp\/v2\/media?parent=5975"}],"wp:term":[{"taxonomy":"category","embeddable":true,"href":"https:\/\/blogs.correiobraziliense.com.br\/servidor\/wp-json\/wp\/v2\/categories?post=5975"},{"taxonomy":"post_tag","embeddable":true,"href":"https:\/\/blogs.correiobraziliense.com.br\/servidor\/wp-json\/wp\/v2\/tags?post=5975"}],"curies":[{"name":"wp","href":"https:\/\/api.w.org\/{rel}","templated":true}]}}