{"id":5969,"date":"2017-07-16T20:20:17","date_gmt":"2017-07-16T23:20:17","guid":{"rendered":"https:\/\/blogs.correiobraziliense.com.br\/servidor\/?p=5969"},"modified":"2017-07-16T20:20:17","modified_gmt":"2017-07-16T23:20:17","slug":"governo-de-brasilia-nota-oficial-2","status":"publish","type":"post","link":"https:\/\/blogs.correiobraziliense.com.br\/servidor\/governo-de-brasilia-nota-oficial-2\/","title":{"rendered":"Governo de Bras\u00edlia &#8211; Nota oficial"},"content":{"rendered":"<p>&#8220;<span style=\"font-size: medium\">O governador Rodrigo Rollemberg e o secret\u00e1rio de Cultura, Guilherme Reis, pediram desculpas ao performer paranaense Maikon Kempinski, detido e levado para a delegacia, onde precisou assinar um termo circunstanciado de ato obsceno. O governo de Bras\u00edlia destaca a import\u00e2ncia da cultura. Rollemberg e Reis lembram que a cultura \u00e9 sempre bem-vinda \u00e0 capital da rep\u00fablica e lamentam o desconforto causado ao artista, pois o governo acredita, apoia e incentiva a livre manifesta\u00e7\u00e3o art\u00edstica.&#8221;<\/span><\/p>\n","protected":false},"excerpt":{"rendered":"<p>&#8220;O governador Rodrigo Rollemberg e o secret\u00e1rio de Cultura, Guilherme Reis, pediram desculpas ao performer paranaense Maikon Kempinski, detido e levado para a delegacia, onde precisou assinar um termo circunstanciado de ato obsceno. O governo de Bras\u00edlia destaca a import\u00e2ncia da cultura. Rollemberg e Reis lembram que a cultura \u00e9 sempre bem-vinda \u00e0 capital da rep\u00fablica e lamentam o desconforto [&hellip;]<\/p>\n","protected":false},"author":27,"featured_media":0,"comment_status":"open","ping_status":"closed","sticky":false,"template":"","format":"standard","meta":{"footnotes":""},"categories":[2719],"tags":[7483,21,867,1463,1928,5760,7482,7480,3285,98,7481,7479,1417,807],"class_list":["post-5969","post","type-post","status-publish","format-standard","hentry","category-servidor","tag-artista","tag-ato","tag-brasilia","tag-capital","tag-cultura","tag-delegacia","tag-desconforto","tag-detido","tag-governador","tag-governo","tag-obsceno","tag-performer","tag-republica","tag-secretario"],"_links":{"self":[{"href":"https:\/\/blogs.correiobraziliense.com.br\/servidor\/wp-json\/wp\/v2\/posts\/5969","targetHints":{"allow":["GET"]}}],"collection":[{"href":"https:\/\/blogs.correiobraziliense.com.br\/servidor\/wp-json\/wp\/v2\/posts"}],"about":[{"href":"https:\/\/blogs.correiobraziliense.com.br\/servidor\/wp-json\/wp\/v2\/types\/post"}],"author":[{"embeddable":true,"href":"https:\/\/blogs.correiobraziliense.com.br\/servidor\/wp-json\/wp\/v2\/users\/27"}],"replies":[{"embeddable":true,"href":"https:\/\/blogs.correiobraziliense.com.br\/servidor\/wp-json\/wp\/v2\/comments?post=5969"}],"version-history":[{"count":1,"href":"https:\/\/blogs.correiobraziliense.com.br\/servidor\/wp-json\/wp\/v2\/posts\/5969\/revisions"}],"predecessor-version":[{"id":5970,"href":"https:\/\/blogs.correiobraziliense.com.br\/servidor\/wp-json\/wp\/v2\/posts\/5969\/revisions\/5970"}],"wp:attachment":[{"href":"https:\/\/blogs.correiobraziliense.com.br\/servidor\/wp-json\/wp\/v2\/media?parent=5969"}],"wp:term":[{"taxonomy":"category","embeddable":true,"href":"https:\/\/blogs.correiobraziliense.com.br\/servidor\/wp-json\/wp\/v2\/categories?post=5969"},{"taxonomy":"post_tag","embeddable":true,"href":"https:\/\/blogs.correiobraziliense.com.br\/servidor\/wp-json\/wp\/v2\/tags?post=5969"}],"curies":[{"name":"wp","href":"https:\/\/api.w.org\/{rel}","templated":true}]}}