{"id":5961,"date":"2017-07-16T15:12:15","date_gmt":"2017-07-16T18:12:15","guid":{"rendered":"https:\/\/blogs.correiobraziliense.com.br\/servidor\/?p=5961"},"modified":"2017-07-16T15:12:15","modified_gmt":"2017-07-16T18:12:15","slug":"ministerio-do-planejamento-nota-sobre-liberacao-de-recursos-por-michel-temer","status":"publish","type":"post","link":"https:\/\/blogs.correiobraziliense.com.br\/servidor\/ministerio-do-planejamento-nota-sobre-liberacao-de-recursos-por-michel-temer\/","title":{"rendered":"Minist\u00e9rio do Planejamento &#8211; Nota sobre libera\u00e7\u00e3o de emendas parlamentares por Michel Temer"},"content":{"rendered":"<div>&#8220;Em rela\u00e7\u00e3o \u00e0 mat\u00e9ria publicada <span id=\"OBJ_PREFIX_DWT691_com_zimbra_date\" class=\"Object\">hoje<\/span>, 16\/07, no jornal O Globo, sob o t\u00edtulo \u201cTemer usou R$ 15 bi para obter vit\u00f3ria\u201d, o Minist\u00e9rio do Planejamento, Desenvolvimento e Gest\u00e3o esclarece que a libera\u00e7\u00e3o de recursos para munic\u00edpios trata-se de procedimento absolutamente normal. Tais recursos ser\u00e3o utilizados obedecendo a crit\u00e9rios como sele\u00e7\u00e3o p\u00fablica e avalia\u00e7\u00e3o de risco de cr\u00e9dito, entre outros. Trata-se, portanto, de recursos emprestados e n\u00e3o doados, como quer fazer crer a reportagem.<\/div>\n<div><\/div>\n<div>A proposta inicial dos programas lan\u00e7ados est\u00e1 sendo discutida h\u00e1 v\u00e1rios meses pelas \u00e1reas t\u00e9cnicas do Governo, envolvendo v\u00e1rios Minist\u00e9rios e havia sido anunciada previamente pelo Ministro.<\/div>\n<div><\/div>\n<div>Quanto \u00e0s emendas parlamentares mencionadas, o Minist\u00e9rio esclarece que trata-se de um procedimento obrigat\u00f3rio previsto na Constitui\u00e7\u00e3o e na legisla\u00e7\u00e3o or\u00e7ament\u00e1ria. A execu\u00e7\u00e3o dessas emendas \u00e9 feita pelos minist\u00e9rios setoriais obedecendo a crit\u00e9rios pr\u00e9-determinados. S\u00e3o recursos destinados a diversos munic\u00edpios para realiza\u00e7\u00e3o de obras essenciais, como projetos de saneamento, mobilidade urbana, ilumina\u00e7\u00e3o p\u00fablica etc.<\/div>\n<div><\/div>\n<div>Assessoria de Comunica\u00e7\u00e3o do Minist\u00e9rio do Planejamento, Desenvolvimento e Gest\u00e3o<\/div>\n<div>Bras\u00edlia, <span id=\"OBJ_PREFIX_DWT692_com_zimbra_date\" class=\"Object\">16 de julho<\/span> de 2017&#8243;<\/div>\n","protected":false},"excerpt":{"rendered":"<p>&#8220;Em rela\u00e7\u00e3o \u00e0 mat\u00e9ria publicada hoje, 16\/07, no jornal O Globo, sob o t\u00edtulo \u201cTemer usou R$ 15 bi para obter vit\u00f3ria\u201d, o Minist\u00e9rio do Planejamento, Desenvolvimento e Gest\u00e3o esclarece que a libera\u00e7\u00e3o de recursos para munic\u00edpios trata-se de procedimento absolutamente normal. Tais recursos ser\u00e3o utilizados obedecendo a crit\u00e9rios como sele\u00e7\u00e3o p\u00fablica e avalia\u00e7\u00e3o de risco de cr\u00e9dito, entre outros. [&hellip;]<\/p>\n","protected":false},"author":27,"featured_media":0,"comment_status":"open","ping_status":"closed","sticky":false,"template":"","format":"standard","meta":{"footnotes":""},"categories":[2719],"tags":[1767,998,7471,2402,7470,5364,141,944,1636,147,316,1212,3645,1895,7469],"class_list":["post-5961","post","type-post","status-publish","format-standard","hentry","category-servidor","tag-credito","tag-criterios","tag-doados","tag-emendas","tag-emprestados","tag-liberacao","tag-ministerio-do-planejamento","tag-municipios","tag-programas","tag-publica","tag-recursos","tag-risco","tag-selecao","tag-temer","tag-vitporia"],"_links":{"self":[{"href":"https:\/\/blogs.correiobraziliense.com.br\/servidor\/wp-json\/wp\/v2\/posts\/5961","targetHints":{"allow":["GET"]}}],"collection":[{"href":"https:\/\/blogs.correiobraziliense.com.br\/servidor\/wp-json\/wp\/v2\/posts"}],"about":[{"href":"https:\/\/blogs.correiobraziliense.com.br\/servidor\/wp-json\/wp\/v2\/types\/post"}],"author":[{"embeddable":true,"href":"https:\/\/blogs.correiobraziliense.com.br\/servidor\/wp-json\/wp\/v2\/users\/27"}],"replies":[{"embeddable":true,"href":"https:\/\/blogs.correiobraziliense.com.br\/servidor\/wp-json\/wp\/v2\/comments?post=5961"}],"version-history":[{"count":1,"href":"https:\/\/blogs.correiobraziliense.com.br\/servidor\/wp-json\/wp\/v2\/posts\/5961\/revisions"}],"predecessor-version":[{"id":5962,"href":"https:\/\/blogs.correiobraziliense.com.br\/servidor\/wp-json\/wp\/v2\/posts\/5961\/revisions\/5962"}],"wp:attachment":[{"href":"https:\/\/blogs.correiobraziliense.com.br\/servidor\/wp-json\/wp\/v2\/media?parent=5961"}],"wp:term":[{"taxonomy":"category","embeddable":true,"href":"https:\/\/blogs.correiobraziliense.com.br\/servidor\/wp-json\/wp\/v2\/categories?post=5961"},{"taxonomy":"post_tag","embeddable":true,"href":"https:\/\/blogs.correiobraziliense.com.br\/servidor\/wp-json\/wp\/v2\/tags?post=5961"}],"curies":[{"name":"wp","href":"https:\/\/api.w.org\/{rel}","templated":true}]}}