{"id":596,"date":"2015-11-15T22:59:33","date_gmt":"2015-11-16T00:59:33","guid":{"rendered":"https:\/\/blogs.correiobraziliense.com.br\/servidor\/?p=596"},"modified":"2015-11-15T22:59:33","modified_gmt":"2015-11-16T00:59:33","slug":"promessa-do-planejamento","status":"publish","type":"post","link":"https:\/\/blogs.correiobraziliense.com.br\/servidor\/promessa-do-planejamento\/","title":{"rendered":"PROMESSA DO PLANEJAMENTO"},"content":{"rendered":"<p>O Secret\u00e1rio de Rela\u00e7\u00f5es do Trabalho do Minist\u00e9rio do Planejamento, Sergio Mendon\u00e7a, disse que est\u00e1 preparando uma proposta para oferecer ao conjunto das carreiras de Estado, t\u00e3o logo conclua o processo com as carreiras jur\u00eddicas, com previs\u00e3o at\u00e9 o dia 16, segunda-feira.<\/p>\n","protected":false},"excerpt":{"rendered":"<p>O Secret\u00e1rio de Rela\u00e7\u00f5es do Trabalho do Minist\u00e9rio do Planejamento, Sergio Mendon\u00e7a, disse que est\u00e1 preparando uma proposta para oferecer ao conjunto das carreiras de Estado, t\u00e3o logo conclua o processo com as carreiras jur\u00eddicas, com previs\u00e3o at\u00e9 o dia 16, segunda-feira.<\/p>\n","protected":false},"author":27,"featured_media":0,"comment_status":"open","ping_status":"closed","sticky":false,"template":"","format":"standard","meta":{"footnotes":""},"categories":[1],"tags":[55,56,3,53,54],"class_list":["post-596","post","type-post","status-publish","format-standard","hentry","category-sem-categoria","tag-carreiras","tag-estado","tag-planejamento","tag-promessa","tag-proposta"],"_links":{"self":[{"href":"https:\/\/blogs.correiobraziliense.com.br\/servidor\/wp-json\/wp\/v2\/posts\/596","targetHints":{"allow":["GET"]}}],"collection":[{"href":"https:\/\/blogs.correiobraziliense.com.br\/servidor\/wp-json\/wp\/v2\/posts"}],"about":[{"href":"https:\/\/blogs.correiobraziliense.com.br\/servidor\/wp-json\/wp\/v2\/types\/post"}],"author":[{"embeddable":true,"href":"https:\/\/blogs.correiobraziliense.com.br\/servidor\/wp-json\/wp\/v2\/users\/27"}],"replies":[{"embeddable":true,"href":"https:\/\/blogs.correiobraziliense.com.br\/servidor\/wp-json\/wp\/v2\/comments?post=596"}],"version-history":[{"count":1,"href":"https:\/\/blogs.correiobraziliense.com.br\/servidor\/wp-json\/wp\/v2\/posts\/596\/revisions"}],"predecessor-version":[{"id":597,"href":"https:\/\/blogs.correiobraziliense.com.br\/servidor\/wp-json\/wp\/v2\/posts\/596\/revisions\/597"}],"wp:attachment":[{"href":"https:\/\/blogs.correiobraziliense.com.br\/servidor\/wp-json\/wp\/v2\/media?parent=596"}],"wp:term":[{"taxonomy":"category","embeddable":true,"href":"https:\/\/blogs.correiobraziliense.com.br\/servidor\/wp-json\/wp\/v2\/categories?post=596"},{"taxonomy":"post_tag","embeddable":true,"href":"https:\/\/blogs.correiobraziliense.com.br\/servidor\/wp-json\/wp\/v2\/tags?post=596"}],"curies":[{"name":"wp","href":"https:\/\/api.w.org\/{rel}","templated":true}]}}