{"id":5931,"date":"2017-07-13T20:51:27","date_gmt":"2017-07-13T23:51:27","guid":{"rendered":"https:\/\/blogs.correiobraziliense.com.br\/servidor\/?p=5931"},"modified":"2017-07-13T20:51:27","modified_gmt":"2017-07-13T23:51:27","slug":"pgdf-ajuiza-adi-contra-decreto-legislativo-que-susta-efeitos-da-lei-anti-homofobia","status":"publish","type":"post","link":"https:\/\/blogs.correiobraziliense.com.br\/servidor\/pgdf-ajuiza-adi-contra-decreto-legislativo-que-susta-efeitos-da-lei-anti-homofobia\/","title":{"rendered":"PGDF aju\u00edza ADI contra decreto legislativo que susta efeitos da lei anti-homofobia"},"content":{"rendered":"<p>O governador Rodrigo Rollemberg, por meio da Procuradoria-Geral do DF (PGDF), ajuizou nesta quinta-feira (13), no Supremo Tribunal Federal (STF), A\u00e7\u00e3o Direta de Inconstitucionalidade (ADI) contra os termos do Decreto Legislativo n\u00ba 2146\/2017, que sustou os efeitos do Decreto n\u00ba 38.293\/2017, regulamentador da Lei n\u00ba 2615\/2000, respons\u00e1vel por determinar san\u00e7\u00f5es \u00e0s pr\u00e1ticas discriminat\u00f3rias em raz\u00e3o da orienta\u00e7\u00e3o sexual das pessoas no \u00e2mbito do Distrito Federal.<\/p>\n<p>A ADI ajuizada pela PGDF possui pedido cautelar, pois, diante da supress\u00e3o do referido decreto regulamentar, o sistema de prote\u00e7\u00e3o institu\u00eddo pela Lei n\u00ba 2.615\/2000 se fragiliza, deixando, assim, \u201cseus potenciais destinat\u00e1rios sujeitos a toda sorte de pr\u00e1ticas discriminat\u00f3rias, sem que os organismos estatais competentes disponham de normas procedimentais suficientes para receber e processar as correspondentes demandas por prote\u00e7\u00e3o\u201d.<\/p>\n<p>A PGDF entende, ainda, que uma vez que tenha sido incrementada uma pol\u00edtica p\u00fablica de combate \u00e0 discrimina\u00e7\u00e3o e de respeito ao direito \u00e0 igualdade, n\u00e3o se deve tolerar quaisquer atos injustificados de retrocesso social, como \u00e9 o caso do decreto legislativo impugnado.<\/p>\n","protected":false},"excerpt":{"rendered":"<p>O governador Rodrigo Rollemberg, por meio da Procuradoria-Geral do DF (PGDF), ajuizou nesta quinta-feira (13), no Supremo Tribunal Federal (STF), A\u00e7\u00e3o Direta de Inconstitucionalidade (ADI) contra os termos do Decreto Legislativo n\u00ba 2146\/2017, que sustou os efeitos do Decreto n\u00ba 38.293\/2017, regulamentador da Lei n\u00ba 2615\/2000, respons\u00e1vel por determinar san\u00e7\u00f5es \u00e0s pr\u00e1ticas discriminat\u00f3rias em raz\u00e3o da orienta\u00e7\u00e3o sexual das pessoas [&hellip;]<\/p>\n","protected":false},"author":27,"featured_media":0,"comment_status":"open","ping_status":"closed","sticky":false,"template":"","format":"standard","meta":{"footnotes":""},"categories":[2719],"tags":[5516,7407,7409,1172,116,7408,433,2491,1340,10,102,3483,7406,1589,2746,6978,3476,34],"class_list":["post-5931","post","type-post","status-publish","format-standard","hentry","category-servidor","tag-adi","tag-anti-homofobia","tag-cautelar","tag-decreto","tag-direito","tag-discriminatorias","tag-distrito-federal","tag-efeitos","tag-igualdade","tag-legislativo","tag-lei","tag-orientacao","tag-pgdf","tag-praticas","tag-protecao","tag-sancoes","tag-sexual","tag-stf"],"_links":{"self":[{"href":"https:\/\/blogs.correiobraziliense.com.br\/servidor\/wp-json\/wp\/v2\/posts\/5931","targetHints":{"allow":["GET"]}}],"collection":[{"href":"https:\/\/blogs.correiobraziliense.com.br\/servidor\/wp-json\/wp\/v2\/posts"}],"about":[{"href":"https:\/\/blogs.correiobraziliense.com.br\/servidor\/wp-json\/wp\/v2\/types\/post"}],"author":[{"embeddable":true,"href":"https:\/\/blogs.correiobraziliense.com.br\/servidor\/wp-json\/wp\/v2\/users\/27"}],"replies":[{"embeddable":true,"href":"https:\/\/blogs.correiobraziliense.com.br\/servidor\/wp-json\/wp\/v2\/comments?post=5931"}],"version-history":[{"count":1,"href":"https:\/\/blogs.correiobraziliense.com.br\/servidor\/wp-json\/wp\/v2\/posts\/5931\/revisions"}],"predecessor-version":[{"id":5932,"href":"https:\/\/blogs.correiobraziliense.com.br\/servidor\/wp-json\/wp\/v2\/posts\/5931\/revisions\/5932"}],"wp:attachment":[{"href":"https:\/\/blogs.correiobraziliense.com.br\/servidor\/wp-json\/wp\/v2\/media?parent=5931"}],"wp:term":[{"taxonomy":"category","embeddable":true,"href":"https:\/\/blogs.correiobraziliense.com.br\/servidor\/wp-json\/wp\/v2\/categories?post=5931"},{"taxonomy":"post_tag","embeddable":true,"href":"https:\/\/blogs.correiobraziliense.com.br\/servidor\/wp-json\/wp\/v2\/tags?post=5931"}],"curies":[{"name":"wp","href":"https:\/\/api.w.org\/{rel}","templated":true}]}}