{"id":5929,"date":"2017-07-14T08:00:43","date_gmt":"2017-07-14T11:00:43","guid":{"rendered":"https:\/\/blogs.correiobraziliense.com.br\/servidor\/?p=5929"},"modified":"2017-07-13T20:44:02","modified_gmt":"2017-07-13T23:44:02","slug":"uma-sociedade-sem-etica","status":"publish","type":"post","link":"https:\/\/blogs.correiobraziliense.com.br\/servidor\/uma-sociedade-sem-etica\/","title":{"rendered":"Uma sociedade sem \u00e9tica"},"content":{"rendered":"<p><em>Luiz Gonzaga Bertelli*<br \/>\n<\/em><\/p>\n<p>\u00c9 preocupante o resultado de uma recente pesquisa: para 90% dos jovens de 14 a 24 anos, a sociedade brasileira \u00e9 pouco ou nada \u00e9tica. Nesse universo, n\u00e3o entram apenas os pol\u00edticos \u2013 o que seria um efeito previs\u00edvel diante da enxurrada de den\u00fancias e processos contra eles. Os pr\u00f3prios familiares pertencem \u00e0 categoria dos pouco ou nada \u00e9ticos na opini\u00e3o de 57% dos entrevistados, o mesmo acontecendo com os amigos, para 74%. E como eles veem a si mesmos? Se 63% dizem que buscam ter conduta correta no dia a dia, apenas 8% acreditam ser poss\u00edvel se \u00e9tico o tempo todo.<\/p>\n<p>Saindo do campo conceitual e caindo num questionamento mais objetivo, a firmeza se reduz. Enquanto mais de 50% concordam que, numa compra, \u00e9 importante verificar se a empresa paga impostos e respeita o meio ambiente, 52% admitem comprar produtos piratas por serem mais baratos \u2013 e, pior, confiam que, com isso, n\u00e3o prejudicam ningu\u00e9m, esquecendo que parte dos tributos custeiam servi\u00e7os p\u00fablicos.<\/p>\n<p>Entre os aspectos lament\u00e1veis da pesquisa, realizada pelo Instituto Brasileiro de \u00c9tica Concorrencial (Etco) e o Datafolha, destacam-se tr\u00eas percep\u00e7\u00f5es negativas: 56% acham que, n\u00e3o importa o esfor\u00e7o, a sociedade sempre ser\u00e1 anti\u00e9tica; \u00e9 imposs\u00edvel ser \u00e9tico o tempo todo (55%); e, para ganhar dinheiro, nem sempre \u00e9 poss\u00edvel ser \u00e9tico.<\/p>\n<p>O estudo, entretanto, aponta um caminho para mudar essa vis\u00e3o sobre a \u00e9tica, cuja valoriza\u00e7\u00e3o ser\u00e1 um dos fatores que impedir\u00e1 a repeti\u00e7\u00e3o do triste desfile de empres\u00e1rios, executivos, governantes, pol\u00edticos, funcion\u00e1rios de todos os escal\u00f5es arrastados aos tribunais, sob a acusa\u00e7\u00e3o de apropria\u00e7\u00e3o de dinheiro p\u00fablico. Acontece que, no quesito sobre profissionais com melhor imagem entre os jovens, a lista \u00e9 encabe\u00e7ada pelos bombeiros (nota 8,7), seguidos pelos professores (8,5).<\/p>\n<p>Essa percep\u00e7\u00e3o lan\u00e7a sobre os docentes a miss\u00e3o de moldar, com a pr\u00e1tica e a teoria, os cora\u00e7\u00f5es e as mentes das novas gera\u00e7\u00f5es. Ali\u00e1s, tarefa n\u00e3o exclusiva deles, mas, sim, de todos os brasileiros respons\u00e1veis e desejosos de construir um pa\u00eds mais justo e mais pr\u00f3spero.<\/p>\n<p><em>&#8220;Luiz Gonzaga Bertelli \u00e9 presidente do Conselho de Administra\u00e7\u00e3o do CIEE<\/em><\/p>\n","protected":false},"excerpt":{"rendered":"<p>Luiz Gonzaga Bertelli* \u00c9 preocupante o resultado de uma recente pesquisa: para 90% dos jovens de 14 a 24 anos, a sociedade brasileira \u00e9 pouco ou nada \u00e9tica. Nesse universo, n\u00e3o entram apenas os pol\u00edticos \u2013 o que seria um efeito previs\u00edvel diante da enxurrada de den\u00fancias e processos contra eles. Os pr\u00f3prios familiares pertencem \u00e0 categoria dos pouco ou [&hellip;]<\/p>\n","protected":false},"author":27,"featured_media":0,"comment_status":"open","ping_status":"closed","sticky":false,"template":"","format":"standard","meta":{"footnotes":""},"categories":[2719],"tags":[7404,379,3568,457,2527,1756,4875,2770,444,2602,187,7405,1411,562,221,351],"class_list":["post-5929","post","type-post","status-publish","format-standard","hentry","category-servidor","tag-amigos","tag-categoria","tag-conduta","tag-denuncias","tag-entrevistados","tag-etica","tag-familiares","tag-impostos","tag-jovens","tag-meio-ambiente","tag-pesquisa","tag-piratas","tag-politicos","tag-processos","tag-produtos","tag-sociedade"],"_links":{"self":[{"href":"https:\/\/blogs.correiobraziliense.com.br\/servidor\/wp-json\/wp\/v2\/posts\/5929","targetHints":{"allow":["GET"]}}],"collection":[{"href":"https:\/\/blogs.correiobraziliense.com.br\/servidor\/wp-json\/wp\/v2\/posts"}],"about":[{"href":"https:\/\/blogs.correiobraziliense.com.br\/servidor\/wp-json\/wp\/v2\/types\/post"}],"author":[{"embeddable":true,"href":"https:\/\/blogs.correiobraziliense.com.br\/servidor\/wp-json\/wp\/v2\/users\/27"}],"replies":[{"embeddable":true,"href":"https:\/\/blogs.correiobraziliense.com.br\/servidor\/wp-json\/wp\/v2\/comments?post=5929"}],"version-history":[{"count":1,"href":"https:\/\/blogs.correiobraziliense.com.br\/servidor\/wp-json\/wp\/v2\/posts\/5929\/revisions"}],"predecessor-version":[{"id":5930,"href":"https:\/\/blogs.correiobraziliense.com.br\/servidor\/wp-json\/wp\/v2\/posts\/5929\/revisions\/5930"}],"wp:attachment":[{"href":"https:\/\/blogs.correiobraziliense.com.br\/servidor\/wp-json\/wp\/v2\/media?parent=5929"}],"wp:term":[{"taxonomy":"category","embeddable":true,"href":"https:\/\/blogs.correiobraziliense.com.br\/servidor\/wp-json\/wp\/v2\/categories?post=5929"},{"taxonomy":"post_tag","embeddable":true,"href":"https:\/\/blogs.correiobraziliense.com.br\/servidor\/wp-json\/wp\/v2\/tags?post=5929"}],"curies":[{"name":"wp","href":"https:\/\/api.w.org\/{rel}","templated":true}]}}