{"id":5909,"date":"2017-07-12T19:58:00","date_gmt":"2017-07-12T22:58:00","guid":{"rendered":"https:\/\/blogs.correiobraziliense.com.br\/servidor\/?p=5909"},"modified":"2017-07-12T19:58:00","modified_gmt":"2017-07-12T22:58:00","slug":"tcu-alerta-ministerios-sobre-risco-de-nao-atingimento-da-meta-fiscal","status":"publish","type":"post","link":"https:\/\/blogs.correiobraziliense.com.br\/servidor\/tcu-alerta-ministerios-sobre-risco-de-nao-atingimento-da-meta-fiscal\/","title":{"rendered":"TCU alerta minist\u00e9rios sobre risco de n\u00e3o atingimento da meta fiscal"},"content":{"rendered":"<p class=\"m_3636252667658000847Default\">O ministro Vital do R\u00eago, do Tribunal de Contas da Uni\u00e3o (TCU), emitiu alerta ao Minist\u00e9rio do Planejamento e ao Minist\u00e9rio da Fazenda, na sess\u00e3o plen\u00e1ria desta quarta (12), acerca do risco de n\u00e3o atingimento da meta fiscal do or\u00e7amento deste ano.<u><\/u><u><\/u><\/p>\n<p class=\"m_3636252667658000847Default\">Para o ministro, os elevados montantes de previs\u00e3o de receitas de novas concess\u00f5es e permiss\u00f5es de servi\u00e7os p\u00fablicos, no valor de R$\u00a020,7 bilh\u00f5es, concentradas em sua maior parte no \u00faltimo bimestre de 2017, poder\u00e3o n\u00e3o se concretizar.<u><\/u><u><\/u><\/p>\n<p class=\"m_3636252667658000847Default\">Das novas concess\u00f5es previstas, cujo rito t\u00edpico de desestatiza\u00e7\u00e3o se alonga no tempo, apenas R$ 1,4 bilh\u00e3o, relativo a leil\u00f5es de aeroportos realizados no \u00faltimo m\u00eas de mar\u00e7o, est\u00e1 em fase avan\u00e7ada, com previs\u00e3o de assinatura de contratos e pagamento das parcelas de outorga para agosto deste ano.<u><\/u><u><\/u><\/p>\n<p class=\"m_3636252667658000847Default\">O risco concreto de frustra\u00e7\u00e3o das arrecada\u00e7\u00f5es, da ordem de R$\u00a019,3 bilh\u00f5es, poder\u00e1 elevar o d\u00e9ficit prim\u00e1rio anual do governo federal para mais de R$\u00a0161 bilh\u00f5es, caso nenhuma medida compensat\u00f3ria seja adotada. O alerta decorre de acompanhamento bimestral da execu\u00e7\u00e3o or\u00e7ament\u00e1ria, que \u00e9 realizada de forma sistem\u00e1tica pelo TCU.<\/p>\n","protected":false},"excerpt":{"rendered":"<p>O ministro Vital do R\u00eago, do Tribunal de Contas da Uni\u00e3o (TCU), emitiu alerta ao Minist\u00e9rio do Planejamento e ao Minist\u00e9rio da Fazenda, na sess\u00e3o plen\u00e1ria desta quarta (12), acerca do risco de n\u00e3o atingimento da meta fiscal do or\u00e7amento deste ano. Para o ministro, os elevados montantes de previs\u00e3o de receitas de novas concess\u00f5es e permiss\u00f5es de servi\u00e7os p\u00fablicos, [&hellip;]<\/p>\n","protected":false},"author":27,"featured_media":0,"comment_status":"open","ping_status":"closed","sticky":false,"template":"","format":"standard","meta":{"footnotes":""},"categories":[2719],"tags":[603,138,7379,7382,251,250,7383,2687,302,67,7381,1889,6231,318,4570,7380,3,241,326,1212,1379,635],"class_list":["post-5909","post","type-post","status-publish","format-standard","hentry","category-servidor","tag-aeroportos","tag-alerta","tag-atingimento","tag-autorga","tag-concessoes","tag-contratos","tag-deficit-primario","tag-desestatizacao","tag-fazenda","tag-fiscal","tag-leiloes","tag-meta","tag-ministerios","tag-orcamento","tag-pagamentos","tag-permissoes","tag-planejamento","tag-publico","tag-receitas","tag-risco","tag-servicos","tag-tcu"],"_links":{"self":[{"href":"https:\/\/blogs.correiobraziliense.com.br\/servidor\/wp-json\/wp\/v2\/posts\/5909","targetHints":{"allow":["GET"]}}],"collection":[{"href":"https:\/\/blogs.correiobraziliense.com.br\/servidor\/wp-json\/wp\/v2\/posts"}],"about":[{"href":"https:\/\/blogs.correiobraziliense.com.br\/servidor\/wp-json\/wp\/v2\/types\/post"}],"author":[{"embeddable":true,"href":"https:\/\/blogs.correiobraziliense.com.br\/servidor\/wp-json\/wp\/v2\/users\/27"}],"replies":[{"embeddable":true,"href":"https:\/\/blogs.correiobraziliense.com.br\/servidor\/wp-json\/wp\/v2\/comments?post=5909"}],"version-history":[{"count":1,"href":"https:\/\/blogs.correiobraziliense.com.br\/servidor\/wp-json\/wp\/v2\/posts\/5909\/revisions"}],"predecessor-version":[{"id":5910,"href":"https:\/\/blogs.correiobraziliense.com.br\/servidor\/wp-json\/wp\/v2\/posts\/5909\/revisions\/5910"}],"wp:attachment":[{"href":"https:\/\/blogs.correiobraziliense.com.br\/servidor\/wp-json\/wp\/v2\/media?parent=5909"}],"wp:term":[{"taxonomy":"category","embeddable":true,"href":"https:\/\/blogs.correiobraziliense.com.br\/servidor\/wp-json\/wp\/v2\/categories?post=5909"},{"taxonomy":"post_tag","embeddable":true,"href":"https:\/\/blogs.correiobraziliense.com.br\/servidor\/wp-json\/wp\/v2\/tags?post=5909"}],"curies":[{"name":"wp","href":"https:\/\/api.w.org\/{rel}","templated":true}]}}