{"id":5895,"date":"2017-07-12T11:32:17","date_gmt":"2017-07-12T14:32:17","guid":{"rendered":"https:\/\/blogs.correiobraziliense.com.br\/servidor\/?p=5895"},"modified":"2017-07-12T11:32:17","modified_gmt":"2017-07-12T14:32:17","slug":"consulta-ao-fundo-157-esta-disponivel","status":"publish","type":"post","link":"https:\/\/blogs.correiobraziliense.com.br\/servidor\/consulta-ao-fundo-157-esta-disponivel\/","title":{"rendered":"Consulta ao Fundo 157 est\u00e1 dispon\u00edvel"},"content":{"rendered":"<p style=\"text-align: left\" align=\"center\">Sistema permitir\u00e1 verificar se existem aplica\u00e7\u00f5es para resgate<\/p>\n<p>A Comiss\u00e3o de Valores Mobili\u00e1rios (CVM) informa que, ap\u00f3s manuten\u00e7\u00e3o, o sistema que possibilita consultar o Fundo 157 est\u00e1 dispon\u00edvel no site da institui\u00e7\u00e3o. Nele, ser\u00e1 poss\u00edvel verificar se existem aplica\u00e7\u00f5es a serem resgatadas no Fundo.<\/p>\n<p>O Fundo 157, criado pelo Decreto Lei n\u00ba 157, de 10\/2\/1967, tratava-se de uma op\u00e7\u00e3o dada aos contribuintes de utilizar parte da restitui\u00e7\u00e3o do Imposto de Renda na aquisi\u00e7\u00e3o de quotas de fundos administrados por institui\u00e7\u00f5es financeiras de livre escolha do aplicador.<\/p>\n<p>A Superintend\u00eancia de Prote\u00e7\u00e3o e Orienta\u00e7\u00e3o aos Investidores (SOI) ressalta que somente quem declarou Imposto de Renda nos exerc\u00edcios entre 1967 e 1983 e que tinha restitui\u00e7\u00e3o a receber neste mesmo per\u00edodo pode possuir aplica\u00e7\u00e3o no Fundo.<\/p>\n<p>D\u00favidas e consultas<\/p>\n<p>Acesse\u00a0<a href=\"http:\/\/cvmweb.cvm.gov.br\/static\/fdo157\/Fundo157-FAQ.pdf\" target=\"_blank\">Perguntas Frequentes<\/a>\u00a0ou\u00a0<a href=\"http:\/\/www.cvm.gov.br\/menu\/atendimento\/sac.html\" target=\"_blank\">Servi\u00e7o de Atendimento ao Cidad\u00e3o (SAC)<\/a>\u00a0no site da CVM.<\/p>\n","protected":false},"excerpt":{"rendered":"<p>Sistema permitir\u00e1 verificar se existem aplica\u00e7\u00f5es para resgate A Comiss\u00e3o de Valores Mobili\u00e1rios (CVM) informa que, ap\u00f3s manuten\u00e7\u00e3o, o sistema que possibilita consultar o Fundo 157 est\u00e1 dispon\u00edvel no site da institui\u00e7\u00e3o. Nele, ser\u00e1 poss\u00edvel verificar se existem aplica\u00e7\u00f5es a serem resgatadas no Fundo. O Fundo 157, criado pelo Decreto Lei n\u00ba 157, de 10\/2\/1967, tratava-se de uma op\u00e7\u00e3o dada [&hellip;]<\/p>\n","protected":false},"author":27,"featured_media":0,"comment_status":"open","ping_status":"closed","sticky":false,"template":"","format":"standard","meta":{"footnotes":""},"categories":[2719],"tags":[449,1422,215,1274,5154,7352,355,7353,6458],"class_list":["post-5895","post","type-post","status-publish","format-standard","hentry","category-servidor","tag-aplicacoes","tag-consulta","tag-cvm","tag-declaracao","tag-disponivel","tag-fundo-157","tag-imposto-de-renda","tag-quotas","tag-resgate"],"_links":{"self":[{"href":"https:\/\/blogs.correiobraziliense.com.br\/servidor\/wp-json\/wp\/v2\/posts\/5895","targetHints":{"allow":["GET"]}}],"collection":[{"href":"https:\/\/blogs.correiobraziliense.com.br\/servidor\/wp-json\/wp\/v2\/posts"}],"about":[{"href":"https:\/\/blogs.correiobraziliense.com.br\/servidor\/wp-json\/wp\/v2\/types\/post"}],"author":[{"embeddable":true,"href":"https:\/\/blogs.correiobraziliense.com.br\/servidor\/wp-json\/wp\/v2\/users\/27"}],"replies":[{"embeddable":true,"href":"https:\/\/blogs.correiobraziliense.com.br\/servidor\/wp-json\/wp\/v2\/comments?post=5895"}],"version-history":[{"count":1,"href":"https:\/\/blogs.correiobraziliense.com.br\/servidor\/wp-json\/wp\/v2\/posts\/5895\/revisions"}],"predecessor-version":[{"id":5896,"href":"https:\/\/blogs.correiobraziliense.com.br\/servidor\/wp-json\/wp\/v2\/posts\/5895\/revisions\/5896"}],"wp:attachment":[{"href":"https:\/\/blogs.correiobraziliense.com.br\/servidor\/wp-json\/wp\/v2\/media?parent=5895"}],"wp:term":[{"taxonomy":"category","embeddable":true,"href":"https:\/\/blogs.correiobraziliense.com.br\/servidor\/wp-json\/wp\/v2\/categories?post=5895"},{"taxonomy":"post_tag","embeddable":true,"href":"https:\/\/blogs.correiobraziliense.com.br\/servidor\/wp-json\/wp\/v2\/tags?post=5895"}],"curies":[{"name":"wp","href":"https:\/\/api.w.org\/{rel}","templated":true}]}}