{"id":5888,"date":"2017-07-11T16:47:12","date_gmt":"2017-07-11T19:47:12","guid":{"rendered":"https:\/\/blogs.correiobraziliense.com.br\/servidor\/?p=5888"},"modified":"2017-07-11T16:47:12","modified_gmt":"2017-07-11T19:47:12","slug":"mpfdf-solicita-arquivamento-de-investigacao-que-apurava-tentativa-de-luiz-inacio-lula-da-silva-de-obstrucao-justica-partir-do-senado","status":"publish","type":"post","link":"https:\/\/blogs.correiobraziliense.com.br\/servidor\/mpfdf-solicita-arquivamento-de-investigacao-que-apurava-tentativa-de-luiz-inacio-lula-da-silva-de-obstrucao-justica-partir-do-senado\/","title":{"rendered":"MPF\/DF solicita arquivamento de investiga\u00e7\u00e3o que apurava tentativa de Luiz In\u00e1cio Lula da Silva de obstru\u00e7\u00e3o \u00e0 Justi\u00e7a a partir do Senado"},"content":{"rendered":"<p class=\"m_4653638894513858619descricao\"><em>O pedido foi enviado \u00e0 Justi\u00e7a Federal e tamb\u00e9m deve ser homologado pela PGR<\/em><\/p>\n<p>O Minist\u00e9rio P\u00fablico Federal envia nesta ter\u00e7a-feira (11), \u00e0 Justi\u00e7a Federal em Bras\u00edlia, pedido de arquivamento de Procedimento Investigat\u00f3rio Criminal (PIC), que apurava se o ex-presidente Luiz In\u00e1cio Lula da Silva teria agido irregularmente para, a partir de articula\u00e7\u00e3o com o Senado Federal, atrapalhar as investiga\u00e7\u00f5es da opera\u00e7\u00e3o Lava-Jato. A suposta tentativa de Lula de embara\u00e7ar o trabalho dos investigadores foi informada pelo ex-senador Delc\u00eddio do Amaral em acordo de colabora\u00e7\u00e3o premiada. O ex-congressista afirmou que Lula o convidou, juntamente com os senadores Edison Lob\u00e3o e Renan Calheiros, este ent\u00e3o presidente do Senado Federal, para uma reuni\u00e3o no Instituto Lula em S\u00e3o Paulo no ano de 2015 e que o objetivo do encontro era impedir o andamento da Lava Jato. No entanto, ap\u00f3s ouvir o Delc\u00eddio e os outros senadores apontados, o procurador da Rep\u00fablica Ivan Cl\u00e1udio Marx concluiu n\u00e3o &#8220;se vislumbrar no discurso de Delc\u00eddio a exist\u00eancia de real tentativa de embara\u00e7o \u00e0s investiga\u00e7\u00f5es da Opera\u00e7\u00e3o Lava-Jato&#8221;.<\/p>\n<p>Sobre os fatos, o senador Renan Calheiros negou, em depoimento ao MPF, terem discutido na reuni\u00e3o a cria\u00e7\u00e3o de um grupo de administra\u00e7\u00e3o de crise para acompanhar a Opera\u00e7\u00e3o Lava Jato. J\u00e1 o senador Edison Lob\u00e3o negou que o tema &#8216;obstru\u00e7\u00e3o do andamento da Opera\u00e7\u00e3o Lava Jato&#8217; tenha sido levantado em qualquer reuni\u00e3o com o ex-presidente Lula. Ainda no documento encaminhado \u00e0 Justi\u00e7a, o MPF cita um dos trechos da oitiva de Delc\u00eddio, em que ele pr\u00f3prio afirma que &#8221; era menos incisivo que embara\u00e7ar, mas o objetivo era organizar os discursos e oferecer um contraponto&#8221;. O MPF ainda destaca que, apesar de Delc\u00eddio referir que &#8216;na pr\u00e1tica o efeito pretendido era o de embara\u00e7ar as investiga\u00e7\u00f5es da Lava Jato, que essa mensagem n\u00e3o foi passada diretamente, mas todos a entenderam perfeitamente\u201d, essa afirma\u00e7\u00e3o demonstra uma interpreta\u00e7\u00e3o unilateral do delator, que n\u00e3o foi confirmada pelos demais participantes da reuni\u00e3o.<\/p>\n<p>Ainda no pedido de arquivamento, o procurador da Rep\u00fablica Ivan Cl\u00e1udio Marx ressalta que o principal objetivo de Delc\u00eddio ao citar Lula na dela\u00e7\u00e3o pode ter sido interesse pr\u00f3prio, com o objetivo principal de aumentar seu poder de barganha perante a Procuradoria-Geral da Rep\u00fablica no seu acordo de dela\u00e7\u00e3o, ampliando assim os benef\u00edcios recebidos. Para o MPF, nesse caso, n\u00e3o h\u00e1 que se falar na pr\u00e1tica de crime ou de ato de improbidade por parte do ex-presidente.<\/p>\n<p>O pedido de arquivamento criminal dever\u00e1 ser avaliado pelo ju\u00edzo substituto da 10\u00aa Vara Federal de Bras\u00edlia, onde tamb\u00e9m corre o processo contra Delc\u00eddio e Lula pelo poss\u00edvel crime de &#8216;embara\u00e7o \u00e0 investiga\u00e7\u00e3o&#8217; pela compra do sil\u00eancio de Nestor Cerver\u00f3.<\/p>\n<p>Ao mesmo tempo, c\u00f3pia dos autos ser\u00e1 encaminhada \u00e0 5\u00aa C\u00e2mara de coordena\u00e7\u00e3o e revis\u00e3o do MPF para an\u00e1lise de arquivamento no que se refere aos aspectos c\u00edveis.<\/p>\n<p class=\"m_4653638894513858619western\"><a class=\"m_4653638894513858619internal-link\" title=\"\" href=\"http:\/\/www.mpf.mp.br\/df\/sala-de-imprensa\/docs\/arquivamento-pic-lula-renan\" target=\"_blank\">Clique aqui para ter acesso ao pedido de arquivamento.<\/a><\/p>\n<p>&nbsp;<\/p>\n","protected":false},"excerpt":{"rendered":"<p>O pedido foi enviado \u00e0 Justi\u00e7a Federal e tamb\u00e9m deve ser homologado pela PGR O Minist\u00e9rio P\u00fablico Federal envia nesta ter\u00e7a-feira (11), \u00e0 Justi\u00e7a Federal em Bras\u00edlia, pedido de arquivamento de Procedimento Investigat\u00f3rio Criminal (PIC), que apurava se o ex-presidente Luiz In\u00e1cio Lula da Silva teria agido irregularmente para, a partir de articula\u00e7\u00e3o com o Senado Federal, atrapalhar as investiga\u00e7\u00f5es [&hellip;]<\/p>\n","protected":false},"author":27,"featured_media":0,"comment_status":"open","ping_status":"closed","sticky":false,"template":"","format":"standard","meta":{"footnotes":""},"categories":[2719],"tags":[7339,2735,6017,7341,2917,7342,7340,694,722,260,1361,453,89,7344,6354,548,5583,2216,5110,7343,696,3422],"class_list":["post-5888","post","type-post","status-publish","format-standard","hentry","category-servidor","tag-apurava","tag-arquivamento","tag-barganha","tag-colaboracao","tag-delcidio-do-amaral","tag-edison-lobao","tag-embaracar","tag-interesse","tag-investigacao","tag-justica","tag-lula","tag-mpf","tag-mpfdf","tag-nestor-cervero","tag-obstrucao","tag-pgr","tag-pic","tag-poder","tag-premiada","tag-renan-calheiros","tag-senado","tag-tentativa"],"_links":{"self":[{"href":"https:\/\/blogs.correiobraziliense.com.br\/servidor\/wp-json\/wp\/v2\/posts\/5888","targetHints":{"allow":["GET"]}}],"collection":[{"href":"https:\/\/blogs.correiobraziliense.com.br\/servidor\/wp-json\/wp\/v2\/posts"}],"about":[{"href":"https:\/\/blogs.correiobraziliense.com.br\/servidor\/wp-json\/wp\/v2\/types\/post"}],"author":[{"embeddable":true,"href":"https:\/\/blogs.correiobraziliense.com.br\/servidor\/wp-json\/wp\/v2\/users\/27"}],"replies":[{"embeddable":true,"href":"https:\/\/blogs.correiobraziliense.com.br\/servidor\/wp-json\/wp\/v2\/comments?post=5888"}],"version-history":[{"count":1,"href":"https:\/\/blogs.correiobraziliense.com.br\/servidor\/wp-json\/wp\/v2\/posts\/5888\/revisions"}],"predecessor-version":[{"id":5889,"href":"https:\/\/blogs.correiobraziliense.com.br\/servidor\/wp-json\/wp\/v2\/posts\/5888\/revisions\/5889"}],"wp:attachment":[{"href":"https:\/\/blogs.correiobraziliense.com.br\/servidor\/wp-json\/wp\/v2\/media?parent=5888"}],"wp:term":[{"taxonomy":"category","embeddable":true,"href":"https:\/\/blogs.correiobraziliense.com.br\/servidor\/wp-json\/wp\/v2\/categories?post=5888"},{"taxonomy":"post_tag","embeddable":true,"href":"https:\/\/blogs.correiobraziliense.com.br\/servidor\/wp-json\/wp\/v2\/tags?post=5888"}],"curies":[{"name":"wp","href":"https:\/\/api.w.org\/{rel}","templated":true}]}}