{"id":5866,"date":"2017-07-10T18:01:09","date_gmt":"2017-07-10T21:01:09","guid":{"rendered":"https:\/\/blogs.correiobraziliense.com.br\/servidor\/?p=5866"},"modified":"2017-07-10T18:01:09","modified_gmt":"2017-07-10T21:01:09","slug":"servidores-premio-abde-bid-de-artigos","status":"publish","type":"post","link":"https:\/\/blogs.correiobraziliense.com.br\/servidor\/servidores-premio-abde-bid-de-artigos\/","title":{"rendered":"Pr\u00eamio ABDE BID de Artigos"},"content":{"rendered":"<div><em>S\u00e3o tr\u00eas premia\u00e7\u00f5es de R$ 8 mil para os primeiros colocados e mais tr\u00eas de R$ 4 mil para segundos colocados. O prazo final para o envio dos artigos \u00e9 no pr\u00f3ximo dia 24 <\/em><\/div>\n<div><\/div>\n<div>A premia\u00e7\u00e3o,\u00a0organizada pela Associa\u00e7\u00e3o Brasileira de Desenvolvimento (ABDE) e Banco Interamericano de Desenvolvimento (BID), com apoio do Sistema OCB, \u00e9 para profissionais (servidores p\u00fablicos, profissionais liberais e aut\u00f4nomos, acad\u00eamicos e estudantes de gradua\u00e7\u00e3o ou p\u00f3s-gradua\u00e7\u00e3o) que se dedicam aos temas do desenvolvimento e do fomento<\/div>\n<div><\/div>\n<div>\n<div>\n<p>O Pr\u00eamio ABDE BID de Artigos 2017 entra na reta final. Vence na pr\u00f3xima segunda-feira, dia 24, o prazo para os candidatos apresentarem os trabalhos. Em sua quarta edi\u00e7\u00e3o, o Pr\u00eamio ABDE BID vai premiar artigos dedicados aos temas do desenvolvimento e do fomento. A premia\u00e7\u00e3o \u00e9 voltada a profissionais (servidores p\u00fablicos, profissionais liberais e aut\u00f4nomos, acad\u00eamicos e estudantes de gradua\u00e7\u00e3o ou p\u00f3s-gradua\u00e7\u00e3o) que se dedicam aos temas do desenvolvimento e do fomento.<\/p>\n<p>Neste ano, o pr\u00eamio tem tr\u00eas categorias: Categoria Desenvolvimento em Debate; Categoria Financiamento Verde; e Categoria Desenvolvimento; e Cooperativismo de Cr\u00e9dito. O vencedor em cada uma das tr\u00eas categorias receber\u00e1 pr\u00eamio de R$ 8 mil e ser\u00e1 publicado em livro. O segundo colocado de cada categoria receber\u00e1 pr\u00eamio de R$ 4 mil. A divulga\u00e7\u00e3o dos vencedores ser\u00e1 em 18 de setembro, com entrega do pr\u00eamio em dezembro. Os interessados em mais informa\u00e7\u00f5es devem escrever para:\u00a0<a href=\"mailto:premio@abde.org.br\" target=\"_blank\">premio@abde.org.br<\/a> ou acessar o site <a href=\"http:\/\/www.abde.org.br\" target=\"_blank\">www.abde.org.br<\/a><\/p>\n<div class=\"yj6qo ajU\">\n<div id=\":11n\" class=\"ajR\"><img decoding=\"async\" class=\"ajT\" src=\"https:\/\/ssl.gstatic.com\/ui\/v1\/icons\/mail\/images\/cleardot.gif\" alt=\"\" \/><\/div>\n<\/div>\n<\/div>\n<\/div>\n","protected":false},"excerpt":{"rendered":"<p>S\u00e3o tr\u00eas premia\u00e7\u00f5es de R$ 8 mil para os primeiros colocados e mais tr\u00eas de R$ 4 mil para segundos colocados. O prazo final para o envio dos artigos \u00e9 no pr\u00f3ximo dia 24 A premia\u00e7\u00e3o,\u00a0organizada pela Associa\u00e7\u00e3o Brasileira de Desenvolvimento (ABDE) e Banco Interamericano de Desenvolvimento (BID), com apoio do Sistema OCB, \u00e9 para profissionais (servidores p\u00fablicos, profissionais liberais [&hellip;]<\/p>\n","protected":false},"author":27,"featured_media":0,"comment_status":"open","ping_status":"closed","sticky":false,"template":"","format":"standard","meta":{"footnotes":""},"categories":[2719],"tags":[7301,3618,5899,6296,178,803,3355,1163,7304,4716,7303,1079,7302,69,1075,24,58,692,4102],"class_list":["post-5866","post","type-post","status-publish","format-standard","hentry","category-servidor","tag-abde-bid","tag-academicos","tag-artigos","tag-autonomos","tag-candidatos","tag-categorias","tag-desenvolvimento","tag-estudantes","tag-fomento","tag-graduacao","tag-liberais","tag-livro","tag-ocb","tag-premio","tag-profissionais","tag-publicos","tag-servidores","tag-trabalhos","tag-vencedores"],"_links":{"self":[{"href":"https:\/\/blogs.correiobraziliense.com.br\/servidor\/wp-json\/wp\/v2\/posts\/5866","targetHints":{"allow":["GET"]}}],"collection":[{"href":"https:\/\/blogs.correiobraziliense.com.br\/servidor\/wp-json\/wp\/v2\/posts"}],"about":[{"href":"https:\/\/blogs.correiobraziliense.com.br\/servidor\/wp-json\/wp\/v2\/types\/post"}],"author":[{"embeddable":true,"href":"https:\/\/blogs.correiobraziliense.com.br\/servidor\/wp-json\/wp\/v2\/users\/27"}],"replies":[{"embeddable":true,"href":"https:\/\/blogs.correiobraziliense.com.br\/servidor\/wp-json\/wp\/v2\/comments?post=5866"}],"version-history":[{"count":1,"href":"https:\/\/blogs.correiobraziliense.com.br\/servidor\/wp-json\/wp\/v2\/posts\/5866\/revisions"}],"predecessor-version":[{"id":5867,"href":"https:\/\/blogs.correiobraziliense.com.br\/servidor\/wp-json\/wp\/v2\/posts\/5866\/revisions\/5867"}],"wp:attachment":[{"href":"https:\/\/blogs.correiobraziliense.com.br\/servidor\/wp-json\/wp\/v2\/media?parent=5866"}],"wp:term":[{"taxonomy":"category","embeddable":true,"href":"https:\/\/blogs.correiobraziliense.com.br\/servidor\/wp-json\/wp\/v2\/categories?post=5866"},{"taxonomy":"post_tag","embeddable":true,"href":"https:\/\/blogs.correiobraziliense.com.br\/servidor\/wp-json\/wp\/v2\/tags?post=5866"}],"curies":[{"name":"wp","href":"https:\/\/api.w.org\/{rel}","templated":true}]}}