{"id":5853,"date":"2017-07-10T12:19:18","date_gmt":"2017-07-10T15:19:18","guid":{"rendered":"https:\/\/blogs.correiobraziliense.com.br\/servidor\/?p=5853"},"modified":"2017-07-10T12:19:18","modified_gmt":"2017-07-10T15:19:18","slug":"sindifisco-debate-funpresp-exe-no-site-no-you-tube-e-no-facebook-nesta-terca-feira-2","status":"publish","type":"post","link":"https:\/\/blogs.correiobraziliense.com.br\/servidor\/sindifisco-debate-funpresp-exe-no-site-no-you-tube-e-no-facebook-nesta-terca-feira-2\/","title":{"rendered":"Sindifisco debate Funpresp-Exe no site, no You Tube e no Facebook nesta ter\u00e7a-feira"},"content":{"rendered":"<p>O Sindicato Nacional dos Auditores Fiscais da Receita federal (Sindifisco Nacional) volta a debater, nesta ter\u00e7a-feira (11<strong>)<\/strong>, a reforma da Previd\u00eancia, mas, dessa vez, pelo vi\u00e9s das mudan\u00e7as relacionadas ao funcionalismo. O tema s\u00e3o os planos de previd\u00eancia complementar da Funpresp-Exe (Funda\u00e7\u00e3o de Previd\u00eancia Complementar do Servidor P\u00fablico Federal do Poder Executivo).<\/p>\n<p>A discuss\u00e3o ser\u00e1 entre os auditores fiscais Ricardo Pena (diretor-presidente da Funpresp-Exe) e M\u00e1rio Pinho (ex-vice-presidente do Sindifisco Nacional e especialista em quest\u00f5es previdenci\u00e1rias). O objetivo \u00e9 tratar vantagens e desvantagens do modelo oferecido pelo governo como alternativa ao Regime Pr\u00f3prio (RPPS).<\/p>\n<p>Tamb\u00e9m ser\u00e1 tratado o impacto da Reforma Previdenci\u00e1ria (PEC 287\/16) na previd\u00eancia dos servidores, mais o funcionamento, a gest\u00e3o, os benef\u00edcios e os gargalos do modelo proposto pela Funpresp.<\/p>\n<p>O evento faz parte da s\u00e9rie \u201cDesembara\u00e7ando\u201d, que o Sindifisco Nacional promove e transmite pelo site do Sindicato. Mas, amanh\u00e3, ser\u00e1 transmitido simultaneamente pelo\u00a0canal no YouTube e pela fanpage do Facebook.<\/p>\n<p><u>Servi\u00e7o<\/u><\/p>\n<p><strong>O qu\u00ea?<\/strong> Transmiss\u00e3o ao vivo do p<strong>rograma \u201cDesembara\u00e7ando\u201d debatendo o <\/strong>Funpresp-Exe. N\u00e3o \u00e9 preciso inscri\u00e7\u00e3o para acompanhar.<\/p>\n<p><strong>Quando?<\/strong> Dia 11 de junho (ter\u00e7a-feira), a partir das 11h30.<\/p>\n<p><strong>Onde?<\/strong> Site do Sindifisco Nacional <strong>(<a href=\"http:\/\/www.sindifisconacional.org.br\">www.sindifisconacional.org.br<\/a>)<\/strong>, canal do Sindifisco Nacional no You Tube <strong>(<\/strong><a href=\"http:\/\/www.youtube.com\/sindifisonacional\"><strong>www.youtube.com\/sindifisonacional<\/strong><\/a><strong>)<\/strong> e na fanpage no Facebook <strong>(<a href=\"http:\/\/www.facebook.com\/sindifisco.nacional\">www.facebook.com\/sindifisco.nacional<\/a>)<\/strong>.<\/p>\n","protected":false},"excerpt":{"rendered":"<p>O Sindicato Nacional dos Auditores Fiscais da Receita federal (Sindifisco Nacional) volta a debater, nesta ter\u00e7a-feira (11), a reforma da Previd\u00eancia, mas, dessa vez, pelo vi\u00e9s das mudan\u00e7as relacionadas ao funcionalismo. O tema s\u00e3o os planos de previd\u00eancia complementar da Funpresp-Exe (Funda\u00e7\u00e3o de Previd\u00eancia Complementar do Servidor P\u00fablico Federal do Poder Executivo). A discuss\u00e3o ser\u00e1 entre os auditores fiscais Ricardo [&hellip;]<\/p>\n","protected":false},"author":27,"featured_media":0,"comment_status":"open","ping_status":"closed","sticky":false,"template":"","format":"standard","meta":{"footnotes":""},"categories":[2719],"tags":[852,2888,1164,5877,565,7270,549,711,588,58,597,2936,6878],"class_list":["post-5853","post","type-post","status-publish","format-standard","hentry","category-servidor","tag-beneficios","tag-facebook","tag-funcionalismo","tag-funpresp-exe","tag-modelo","tag-pec28716","tag-previdencia","tag-reforma","tag-rpps","tag-servidores","tag-sindifisco","tag-site","tag-you-tube"],"_links":{"self":[{"href":"https:\/\/blogs.correiobraziliense.com.br\/servidor\/wp-json\/wp\/v2\/posts\/5853","targetHints":{"allow":["GET"]}}],"collection":[{"href":"https:\/\/blogs.correiobraziliense.com.br\/servidor\/wp-json\/wp\/v2\/posts"}],"about":[{"href":"https:\/\/blogs.correiobraziliense.com.br\/servidor\/wp-json\/wp\/v2\/types\/post"}],"author":[{"embeddable":true,"href":"https:\/\/blogs.correiobraziliense.com.br\/servidor\/wp-json\/wp\/v2\/users\/27"}],"replies":[{"embeddable":true,"href":"https:\/\/blogs.correiobraziliense.com.br\/servidor\/wp-json\/wp\/v2\/comments?post=5853"}],"version-history":[{"count":1,"href":"https:\/\/blogs.correiobraziliense.com.br\/servidor\/wp-json\/wp\/v2\/posts\/5853\/revisions"}],"predecessor-version":[{"id":5854,"href":"https:\/\/blogs.correiobraziliense.com.br\/servidor\/wp-json\/wp\/v2\/posts\/5853\/revisions\/5854"}],"wp:attachment":[{"href":"https:\/\/blogs.correiobraziliense.com.br\/servidor\/wp-json\/wp\/v2\/media?parent=5853"}],"wp:term":[{"taxonomy":"category","embeddable":true,"href":"https:\/\/blogs.correiobraziliense.com.br\/servidor\/wp-json\/wp\/v2\/categories?post=5853"},{"taxonomy":"post_tag","embeddable":true,"href":"https:\/\/blogs.correiobraziliense.com.br\/servidor\/wp-json\/wp\/v2\/tags?post=5853"}],"curies":[{"name":"wp","href":"https:\/\/api.w.org\/{rel}","templated":true}]}}