{"id":5843,"date":"2017-07-07T16:07:41","date_gmt":"2017-07-07T19:07:41","guid":{"rendered":"https:\/\/blogs.correiobraziliense.com.br\/servidor\/?p=5843"},"modified":"2017-07-07T16:07:41","modified_gmt":"2017-07-07T19:07:41","slug":"abia-condena-suposta-transmissao-intencional-do-hiv-e-demonstra-preocupacao-com-pl-198","status":"publish","type":"post","link":"https:\/\/blogs.correiobraziliense.com.br\/servidor\/abia-condena-suposta-transmissao-intencional-do-hiv-e-demonstra-preocupacao-com-pl-198\/","title":{"rendered":"Abia condena reportagens sobre suposta transmiss\u00e3o intencional do HIV e demonstra preocupa\u00e7\u00e3o com PL 198"},"content":{"rendered":"<p dir=\"ltr\"><em>Por meio de nota, a\u00a0 Associa\u00e7\u00e3o Brasileira Interdisciplinar de AIDS (Abia) vem a p\u00fablico registrar sua profunda preocupa\u00e7\u00e3o com as tentativas de criminaliza\u00e7\u00e3o da transmiss\u00e3o do HIV, revigoradas pelas recentes reportagens veiculadas na m\u00eddia<\/em><\/p>\n<p dir=\"ltr\">Veja a nota:<\/p>\n<p dir=\"ltr\">&#8220;Ainda que tais mat\u00e9rias pontuem o que as evid\u00eancias cient\u00edficas j\u00e1 confirmam \u2013 sobre o tratamento como preven\u00e7\u00e3o (Tasp), j\u00e1 adotado pelo Minist\u00e9rio da Sa\u00fade como estrat\u00e9gia e que reduz drasticamente a probabilidade de transmiss\u00e3o \u2013 \u00e9 not\u00e1vel o v\u00ednculo com a propaga\u00e7\u00e3o do p\u00e2nico moral e do fortalecimento ao equivocado Projeto de Lei 198. Este \u00faltimo, que tramita <span id=\"OBJ_PREFIX_DWT3926_com_zimbra_date\" class=\"Object\"><span id=\"OBJ_PREFIX_DWT3933_com_zimbra_date\" class=\"Object\">hoje<\/span><\/span> no Congresso, prop\u00f5e que a transmiss\u00e3o intencional seja considerada crime hediondo.<\/p>\n<p dir=\"ltr\">A Abia refor\u00e7a que n\u00e3o h\u00e1 meios seguros para comprovar como se deu a transmiss\u00e3o do HIV: nem mesmo exames de genotipagem (exame que informa o c\u00f3digo gen\u00e9tico do v\u00edrus) de \u00faltima gera\u00e7\u00e3o garantem uma comprova\u00e7\u00e3o com confiabilidade de 100%.<\/p>\n<p dir=\"ltr\">Caso o Brasil adotasse o PL 198, muitos inocentes poderiam ser punidos de forma arbitr\u00e1ria, \u00fanica e exclusivamente por possuir HIV e <span id=\"OBJ_PREFIX_DWT3934_com_zimbra_date\" class=\"Object\">ter<\/span> algu\u00e9m que o acuse. Mais de 830 mil pessoas que vivem com HIV <span id=\"OBJ_PREFIX_DWT3927_com_zimbra_date\" class=\"Object\"><span id=\"OBJ_PREFIX_DWT3935_com_zimbra_date\" class=\"Object\">hoje<\/span><\/span> no Brasil se transformariam em potenciais criminosos.<\/p>\n<p dir=\"ltr\">Destacamos tamb\u00e9m o impacto negativo que leis e processos criminalizantes t\u00eam sobre as pessoas que vivem com o HIV. De acordo com a Declara\u00e7\u00e3o de Oslo (2012):<\/p>\n<p dir=\"ltr\">\u2022 criam confus\u00e3o e medo sobre os direitos e responsabilidades nos termos da lei;<\/p>\n<p dir=\"ltr\">\u2022 criam e mant\u00eam desest\u00edmulos para revelar a soropositividade a parceiros sexuais;<\/p>\n<p dir=\"ltr\">\u2022 criam e mant\u00eam desest\u00edmulos para revelar comportamentos de risco relacionados com o HIV aos profissionais de sa\u00fade\u201d.<\/p>\n<p dir=\"ltr\">A Declara\u00e7\u00e3o de Oslo tamb\u00e9m chama a aten\u00e7\u00e3o para o fato da epidemia de HIV ser nutrida por pessoas que desconhecem a sua sorologia. E afirma que a\u00e7\u00f5es que afastam da testagem podem significar um grande retrocesso na resposta \u00e0 epidemia.<\/p>\n<p dir=\"ltr\">Lembramos que criminaliza\u00e7\u00e3o da transmiss\u00e3o do HIV tem sido objeto de debate h\u00e1 anos no Brasil e no exterior e ganha for\u00e7a quando ecoam vozes conservadoras na sociedade. No \u00e2mbito internacional, o pol\u00eamico tema foi pauta de uma comiss\u00e3o da ONU que se debru\u00e7ou intensamente sobre o assunto em 140 pa\u00edses por 18 meses resultando no Relat\u00f3rio Global HIV e a Lei. Veja nos links abaixo:<\/p>\n<p dir=\"ltr\"><span id=\"OBJ_PREFIX_DWT3928_com_zimbra_url\" class=\"Object\"><span id=\"OBJ_PREFIX_DWT3936_com_zimbra_url\" class=\"Object\"><a href=\"http:\/\/www.hivlawcommission.org\/resources\/report\/Executive-Summary-GCHL-PT.pdf\" target=\"_blank\">http:\/\/www.hivlawcommission.org\/resources\/report\/Executive-Summary-GCHL-PT.pdf<\/a><\/span><\/span> e <span id=\"OBJ_PREFIX_DWT3929_com_zimbra_url\" class=\"Object\"><span id=\"OBJ_PREFIX_DWT3937_com_zimbra_url\" class=\"Object\"><a href=\"http:\/\/www.hivlawcommission.org\/\" target=\"_blank\">http:\/\/www.hivlawcommission.org\/<\/a><\/span><\/span><\/p>\n<p dir=\"ltr\">O documento argumenta que as legisla\u00e7\u00f5es de criminaliza\u00e7\u00e3o s\u00e3o contraproducentes, n\u00e3o geram impacto na preven\u00e7\u00e3o e estigmatizam as pessoas que vivem com HIV. O relat\u00f3rio tamb\u00e9m afirma que estas leis afastam as pessoas da testagem e do tratamento.<\/p>\n<p dir=\"ltr\">Advertimos que muitas vozes j\u00e1 se somaram em rep\u00fadio ao PL 198. Dentre as v\u00e1rias a\u00e7\u00f5es, destacamos a Carta Aberta assinada por mais de 70 organiza\u00e7\u00f5es que solicitam o arquivamento do projeto. (<span id=\"OBJ_PREFIX_DWT3930_com_zimbra_url\" class=\"Object\"><span id=\"OBJ_PREFIX_DWT3938_com_zimbra_url\" class=\"Object\"><a href=\"http:\/\/abiaids.org.br\/mais-pressao-no-congresso-70-organizacoes-pedem-arquivamento-do-projeto-que-torna-crime-hediondo-a-transmissao-intencional-do-hiv\/28204\" target=\"_blank\">http:\/\/abiaids.org.br\/mais-pressao-no-congresso-70-organizacoes-pedem-arquivamento-do-projeto-que-torna-crime-hediondo-a-transmissao-intencional-do-hiv\/28204<\/a><\/span><\/span>)<\/p>\n<p dir=\"ltr\">Com base nas evid\u00eancias cient\u00edficas oferecidas pelo tratamento como preven\u00e7\u00e3o, a Abia refor\u00e7a veementemente a import\u00e2ncia do arquivamento definitivo do PL 198. Conclamamos a contribui\u00e7\u00e3o da imprensa brasileira para a constru\u00e7\u00e3o de uma resposta \u00e0 AIDS pautada nos direitos humanos e a partir da ado\u00e7\u00e3o de estrat\u00e9gias de preven\u00e7\u00e3o alinhadas com os saberes atuais.<\/p>\n<p>Rio<span id=\"OBJ_PREFIX_DWT3931_com_zimbra_date\" class=\"Object\"> de Janeiro<\/span>, <span id=\"OBJ_PREFIX_DWT3932_com_zimbra_date\" class=\"Object\"><span id=\"OBJ_PREFIX_DWT3939_com_zimbra_date\" class=\"Object\">07 de julho<\/span><\/span> de 2017<\/p>\n<p>Associa\u00e7\u00e3o Brasileira Interdisciplinar de AIDS&#8221;<\/p>\n","protected":false},"excerpt":{"rendered":"<p>Por meio de nota, a\u00a0 Associa\u00e7\u00e3o Brasileira Interdisciplinar de AIDS (Abia) vem a p\u00fablico registrar sua profunda preocupa\u00e7\u00e3o com as tentativas de criminaliza\u00e7\u00e3o da transmiss\u00e3o do HIV, revigoradas pelas recentes reportagens veiculadas na m\u00eddia Veja a nota: &#8220;Ainda que tais mat\u00e9rias pontuem o que as evid\u00eancias cient\u00edficas j\u00e1 confirmam \u2013 sobre o tratamento como preven\u00e7\u00e3o (Tasp), j\u00e1 adotado pelo Minist\u00e9rio [&hellip;]<\/p>\n","protected":false},"author":27,"featured_media":0,"comment_status":"open","ping_status":"closed","sticky":false,"template":"","format":"standard","meta":{"footnotes":""},"categories":[2719],"tags":[7244,4099,4418,100,7256,3416,3938,847,7255,7254,7253,7246,7245,2242,1701,7252,7248,3596,562,7247,7251,7249,7250,4817,2247],"class_list":["post-5843","post","type-post","status-publish","format-standard","hentry","category-servidor","tag-abia","tag-condena","tag-confiabilidade","tag-congresso","tag-conservadores","tag-crime","tag-criminalizacao","tag-debate","tag-declaracao-de-oslo","tag-genotipagem","tag-hediondo","tag-hiv","tag-intencional","tag-ministerio-da-saude","tag-moral","tag-panico","tag-pl-198","tag-prevencao","tag-processos","tag-procupacao","tag-propagacao","tag-reportagens","tag-tasp","tag-transmissao","tag-tratamento"],"_links":{"self":[{"href":"https:\/\/blogs.correiobraziliense.com.br\/servidor\/wp-json\/wp\/v2\/posts\/5843","targetHints":{"allow":["GET"]}}],"collection":[{"href":"https:\/\/blogs.correiobraziliense.com.br\/servidor\/wp-json\/wp\/v2\/posts"}],"about":[{"href":"https:\/\/blogs.correiobraziliense.com.br\/servidor\/wp-json\/wp\/v2\/types\/post"}],"author":[{"embeddable":true,"href":"https:\/\/blogs.correiobraziliense.com.br\/servidor\/wp-json\/wp\/v2\/users\/27"}],"replies":[{"embeddable":true,"href":"https:\/\/blogs.correiobraziliense.com.br\/servidor\/wp-json\/wp\/v2\/comments?post=5843"}],"version-history":[{"count":1,"href":"https:\/\/blogs.correiobraziliense.com.br\/servidor\/wp-json\/wp\/v2\/posts\/5843\/revisions"}],"predecessor-version":[{"id":5844,"href":"https:\/\/blogs.correiobraziliense.com.br\/servidor\/wp-json\/wp\/v2\/posts\/5843\/revisions\/5844"}],"wp:attachment":[{"href":"https:\/\/blogs.correiobraziliense.com.br\/servidor\/wp-json\/wp\/v2\/media?parent=5843"}],"wp:term":[{"taxonomy":"category","embeddable":true,"href":"https:\/\/blogs.correiobraziliense.com.br\/servidor\/wp-json\/wp\/v2\/categories?post=5843"},{"taxonomy":"post_tag","embeddable":true,"href":"https:\/\/blogs.correiobraziliense.com.br\/servidor\/wp-json\/wp\/v2\/tags?post=5843"}],"curies":[{"name":"wp","href":"https:\/\/api.w.org\/{rel}","templated":true}]}}