{"id":5841,"date":"2017-07-07T14:25:47","date_gmt":"2017-07-07T17:25:47","guid":{"rendered":"https:\/\/blogs.correiobraziliense.com.br\/servidor\/?p=5841"},"modified":"2017-07-07T14:25:47","modified_gmt":"2017-07-07T17:25:47","slug":"receita-abre-na-segunda-feira-consulta-ao-segundo-lote-de-restituicao-do-irpf-de-2017","status":"publish","type":"post","link":"https:\/\/blogs.correiobraziliense.com.br\/servidor\/receita-abre-na-segunda-feira-consulta-ao-segundo-lote-de-restituicao-do-irpf-de-2017\/","title":{"rendered":"Receita abre na segunda-feira consulta ao segundo lote de restitui\u00e7\u00e3o do IRPF de 2017"},"content":{"rendered":"<p><em>A partir das 9 horas de segunda-feira, 10 de julho, estar\u00e1 dispon\u00edvel para consulta o segundo lote de restitui\u00e7\u00e3o do IRPF 2017 que contempla 1.347.761 contribuintes, totalizando mais de R$2,5 bilh\u00f5es.<\/em><\/p>\n<p>O lote multiexerc\u00edcio de restitui\u00e7\u00e3o do Imposto sobre a Renda da Pessoa F\u00edsica contempla tamb\u00e9m restitui\u00e7\u00f5es residuais dos exerc\u00edcios de 2008 a 2016.<\/p>\n<p>O cr\u00e9dito banc\u00e1rio para 1.495.931 contribuintes ser\u00e1 no dia 17 de julho, totalizando o valor de R$ 3 bilh\u00f5es. \u00a0Desse total, R$ 1.489.205.543,57 se referem a 664.547 contribuintes idosos e 55.259 contribuintes com alguma defici\u00eancia f\u00edsica ou mental ou mol\u00e9stia grave.<\/p>\n<p>Os montantes de restitui\u00e7\u00e3o para cada exerc\u00edcio, e a respectiva taxa Selic aplicada, podem ser acompanhados na tabela a seguir:<\/p>\n<div align=\"center\">\n<p><img decoding=\"async\" class=\"CToWUd a6T\" src=\"https:\/\/mail.google.com\/mail\/u\/0\/?ui=2&amp;ik=161b52c0c4&amp;view=fimg&amp;th=15d1e0c64f38baab&amp;attid=0.1&amp;disp=emb&amp;attbid=ANGjdJ_tReOrGUidYqDBG4aVgzhYyV8FzCKJ-DlnRt-fH3Hxwa7HnJ-P5dYbVa1p8gCgFhH8vVrhNVP-9Rj7lUK4026-pNQO_6h53syf75UBpwY3Gb1tN_TghywEYBM&amp;sz=s0-l75-ft&amp;ats=1499447786006&amp;rm=15d1e0c64f38baab&amp;zw&amp;atsh=1\" alt=\"\" \/><\/p>\n<\/div>\n<div>\n<p>Para saber se teve a declara\u00e7\u00e3o liberada, bas acessar a p\u00e1gina da Receita na Internet (<a href=\"http:\/\/www.receita.fazenda.gov.br\/\" target=\"_blank\">http:\/\/<\/a><a href=\"http:\/\/www.receita.fazenda.gov.br\/\" target=\"_blank\">idg<\/a><a href=\"http:\/\/www.receita.fazenda.gov.br\/\" target=\"_blank\">.receita.fazenda.gov.br<\/a>), ou ligar para o Receitafone 146. Na consulta \u00e0 p\u00e1gina da Receita, servi\u00e7o e-CAC, \u00e9 poss\u00edvel ver o extrato da declara\u00e7\u00e3o e se h\u00e1 inconsist\u00eancias de dados identificadas pelo processamento. Nesta hip\u00f3tese, o contribuinte pode avaliar as inconsist\u00eancias e fazer a autorregulariza\u00e7\u00e3o, mediante entrega de declara\u00e7\u00e3o retificadora.<\/p>\n<p>A Receita disponibiliza, ainda, aplicativo para tablets e smartphones que facilita consulta \u00e0s declara\u00e7\u00f5es do IRPF e situa\u00e7\u00e3o cadastral no CPF. Com ele ser\u00e1 poss\u00edvel consultar diretamente nas bases da Receita Federal informa\u00e7\u00f5es sobre libera\u00e7\u00e3o das restitui\u00e7\u00f5es do IRPF e a situa\u00e7\u00e3o cadastral de uma inscri\u00e7\u00e3o no CPF.<\/p>\n<p>A restitui\u00e7\u00e3o ficar\u00e1 dispon\u00edvel no banco durante um ano. Se o contribuinte n\u00e3o fizer o resgate nesse prazo, dever\u00e1 requer\u00ea-la por meio da Internet, no Formul\u00e1rio Eletr\u00f4nico &#8211; Pedido de Pagamento de Restitui\u00e7\u00e3o, ou diretamente no e-CAC, no servi\u00e7o Extrato do Processamento da DIRPF.<\/p>\n<p>Caso o valor n\u00e3o seja creditado, o contribuinte poder\u00e1 contatar pessoalmente qualquer ag\u00eancia do BB ou ligar para a Central de Atendimento por meio do telefone 4004-0001 (capitais), 0800-729-0001 (demais localidades) e 0800-729-0088 (telefone especial exclusivo para deficientes auditivos) para agendar o cr\u00e9dito em conta-corrente ou poupan\u00e7a, em seu nome, em qualquer banco.<\/p>\n<\/div>\n","protected":false},"excerpt":{"rendered":"<p>A partir das 9 horas de segunda-feira, 10 de julho, estar\u00e1 dispon\u00edvel para consulta o segundo lote de restitui\u00e7\u00e3o do IRPF 2017 que contempla 1.347.761 contribuintes, totalizando mais de R$2,5 bilh\u00f5es. O lote multiexerc\u00edcio de restitui\u00e7\u00e3o do Imposto sobre a Renda da Pessoa F\u00edsica contempla tamb\u00e9m restitui\u00e7\u00f5es residuais dos exerc\u00edcios de 2008 a 2016. O cr\u00e9dito banc\u00e1rio para 1.495.931 contribuintes [&hellip;]<\/p>\n","protected":false},"author":27,"featured_media":0,"comment_status":"open","ping_status":"closed","sticky":false,"template":"","format":"standard","meta":{"footnotes":""},"categories":[2719],"tags":[1422,515,3074,4586,7243,443,5102,2168,5804,7242,294,3200,5803,739,1953],"class_list":["post-5841","post","type-post","status-publish","format-standard","hentry","category-servidor","tag-consulta","tag-contribuintes","tag-deficiencia","tag-e-cac","tag-extrato","tag-idosos","tag-irpf-2017","tag-lote","tag-molestia","tag-multiexercicio","tag-receita-federal","tag-receitafone","tag-residuais","tag-restituicao","tag-selic"],"_links":{"self":[{"href":"https:\/\/blogs.correiobraziliense.com.br\/servidor\/wp-json\/wp\/v2\/posts\/5841","targetHints":{"allow":["GET"]}}],"collection":[{"href":"https:\/\/blogs.correiobraziliense.com.br\/servidor\/wp-json\/wp\/v2\/posts"}],"about":[{"href":"https:\/\/blogs.correiobraziliense.com.br\/servidor\/wp-json\/wp\/v2\/types\/post"}],"author":[{"embeddable":true,"href":"https:\/\/blogs.correiobraziliense.com.br\/servidor\/wp-json\/wp\/v2\/users\/27"}],"replies":[{"embeddable":true,"href":"https:\/\/blogs.correiobraziliense.com.br\/servidor\/wp-json\/wp\/v2\/comments?post=5841"}],"version-history":[{"count":1,"href":"https:\/\/blogs.correiobraziliense.com.br\/servidor\/wp-json\/wp\/v2\/posts\/5841\/revisions"}],"predecessor-version":[{"id":5842,"href":"https:\/\/blogs.correiobraziliense.com.br\/servidor\/wp-json\/wp\/v2\/posts\/5841\/revisions\/5842"}],"wp:attachment":[{"href":"https:\/\/blogs.correiobraziliense.com.br\/servidor\/wp-json\/wp\/v2\/media?parent=5841"}],"wp:term":[{"taxonomy":"category","embeddable":true,"href":"https:\/\/blogs.correiobraziliense.com.br\/servidor\/wp-json\/wp\/v2\/categories?post=5841"},{"taxonomy":"post_tag","embeddable":true,"href":"https:\/\/blogs.correiobraziliense.com.br\/servidor\/wp-json\/wp\/v2\/tags?post=5841"}],"curies":[{"name":"wp","href":"https:\/\/api.w.org\/{rel}","templated":true}]}}