{"id":5839,"date":"2017-07-07T12:05:44","date_gmt":"2017-07-07T15:05:44","guid":{"rendered":"https:\/\/blogs.correiobraziliense.com.br\/servidor\/?p=5839"},"modified":"2017-07-07T12:05:44","modified_gmt":"2017-07-07T15:05:44","slug":"pf-operacao-vortigern","status":"publish","type":"post","link":"https:\/\/blogs.correiobraziliense.com.br\/servidor\/pf-operacao-vortigern\/","title":{"rendered":"PF &#8211; opera\u00e7\u00e3o Vortigern"},"content":{"rendered":"<p>A Pol\u00edcia Federal deflagrou na manh\u00e3 de hoje, 7,\u00a0 a Opera\u00e7\u00e3o Vortigern, a a\u00e7\u00e3o tem como objetivo investigar o vazamento de informa\u00e7\u00f5es sob sigilo no Tribunal de Justi\u00e7a da Bahia. Por determina\u00e7\u00e3o do Ministro Og Fernandes, do Superior Tribunal de Justi\u00e7a, est\u00e3o sendo cumpridos 3 mandados de busca e apreens\u00e3o e 4 condu\u00e7\u00f5es coercitivas. Todas as medidas acontecem na regi\u00e3o metropolitana de Salvador\/BA<\/p>\n<p>Por se tratar de um Inqu\u00e9rito Judicial, a Pol\u00edcia Federal n\u00e3o ir\u00e1 realizar entrevistas, tampouco detalhar o caso.<\/p>\n<p><strong>Vortigern e Rowena<\/strong><br \/>\nO nome da Opera\u00e7\u00e3o \u00e9 uma refer\u00eancia a Vortigern e Rowena, um texto dramat\u00fargico ap\u00f3crifo falsamente atribu\u00eddo a William Shakespeare.<\/p>\n","protected":false},"excerpt":{"rendered":"<p>A Pol\u00edcia Federal deflagrou na manh\u00e3 de hoje, 7,\u00a0 a Opera\u00e7\u00e3o Vortigern, a a\u00e7\u00e3o tem como objetivo investigar o vazamento de informa\u00e7\u00f5es sob sigilo no Tribunal de Justi\u00e7a da Bahia. Por determina\u00e7\u00e3o do Ministro Og Fernandes, do Superior Tribunal de Justi\u00e7a, est\u00e3o sendo cumpridos 3 mandados de busca e apreens\u00e3o e 4 condu\u00e7\u00f5es coercitivas. Todas as medidas acontecem na regi\u00e3o [&hellip;]<\/p>\n","protected":false},"author":27,"featured_media":0,"comment_status":"open","ping_status":"closed","sticky":false,"template":"","format":"standard","meta":{"footnotes":""},"categories":[2719],"tags":[1026,755,1025,5634,5633,561,1024,7240,319,6516,1040,7241,6480],"class_list":["post-5839","post","type-post","status-publish","format-standard","hentry","category-servidor","tag-apreensao","tag-bahia","tag-busca","tag-coercitivas","tag-conducoes","tag-informacoes","tag-mandados","tag-operacao-vortigern","tag-pf","tag-sigilo","tag-stj","tag-tribunal-de-justica","tag-vazamento"],"_links":{"self":[{"href":"https:\/\/blogs.correiobraziliense.com.br\/servidor\/wp-json\/wp\/v2\/posts\/5839","targetHints":{"allow":["GET"]}}],"collection":[{"href":"https:\/\/blogs.correiobraziliense.com.br\/servidor\/wp-json\/wp\/v2\/posts"}],"about":[{"href":"https:\/\/blogs.correiobraziliense.com.br\/servidor\/wp-json\/wp\/v2\/types\/post"}],"author":[{"embeddable":true,"href":"https:\/\/blogs.correiobraziliense.com.br\/servidor\/wp-json\/wp\/v2\/users\/27"}],"replies":[{"embeddable":true,"href":"https:\/\/blogs.correiobraziliense.com.br\/servidor\/wp-json\/wp\/v2\/comments?post=5839"}],"version-history":[{"count":1,"href":"https:\/\/blogs.correiobraziliense.com.br\/servidor\/wp-json\/wp\/v2\/posts\/5839\/revisions"}],"predecessor-version":[{"id":5840,"href":"https:\/\/blogs.correiobraziliense.com.br\/servidor\/wp-json\/wp\/v2\/posts\/5839\/revisions\/5840"}],"wp:attachment":[{"href":"https:\/\/blogs.correiobraziliense.com.br\/servidor\/wp-json\/wp\/v2\/media?parent=5839"}],"wp:term":[{"taxonomy":"category","embeddable":true,"href":"https:\/\/blogs.correiobraziliense.com.br\/servidor\/wp-json\/wp\/v2\/categories?post=5839"},{"taxonomy":"post_tag","embeddable":true,"href":"https:\/\/blogs.correiobraziliense.com.br\/servidor\/wp-json\/wp\/v2\/tags?post=5839"}],"curies":[{"name":"wp","href":"https:\/\/api.w.org\/{rel}","templated":true}]}}