{"id":5826,"date":"2017-07-06T19:10:55","date_gmt":"2017-07-06T22:10:55","guid":{"rendered":"https:\/\/blogs.correiobraziliense.com.br\/servidor\/?p=5826"},"modified":"2017-07-06T19:43:37","modified_gmt":"2017-07-06T22:43:37","slug":"fenapef-nota-sobre-o-fim-da-operacao-lava-jato","status":"publish","type":"post","link":"https:\/\/blogs.correiobraziliense.com.br\/servidor\/fenapef-nota-sobre-o-fim-da-operacao-lava-jato\/","title":{"rendered":"Fim da for\u00e7a-tarefa pode trazer preju\u00edzo \u00e0 Lava Jato, afirma Fenapef"},"content":{"rendered":"<p>A Federa\u00e7\u00e3o Nacional dos Policiais Federais (Fenapef), leg\u00edtima representante dos 15 mil policiais federais do pa\u00eds, recebe com preocupa\u00e7\u00e3o a not\u00edcia de que a Pol\u00edcia Federal decidiu mudar a estrutura de trabalho da Opera\u00e7\u00e3o Lava Jato, a mais bem-sucedida opera\u00e7\u00e3o da Pol\u00edcia Federal.<\/p>\n<p>Ao desestruturar a for\u00e7a-tarefa, a Lava Jato passar\u00e1 a seguir o rito normal de um inqu\u00e9rito policial comum, que t\u00eam tr\u00e2mites excessivamente burocr\u00e1ticos nas investiga\u00e7\u00f5es policiais, al\u00e9m de dividir recursos financeiros e de efetivo policial com outras investiga\u00e7\u00f5es e concorrer a escalas de sobreaviso, esp\u00e9cie de plant\u00e3o para atuar em flagrantes da unidade policial.<\/p>\n<p>O formato de for\u00e7a-tarefa permitia contato da Pol\u00edcia Federal com o Minist\u00e9rio P\u00fablico e com o Judici\u00e1rio de forma permanente, c\u00e9lere e exclusiva, empregando efici\u00eancia nas investiga\u00e7\u00f5es.<\/p>\n<p>A Fenapef ir\u00e1 procurar a Dire\u00e7\u00e3o Geral da PF para apurar o motivo das mudan\u00e7as.<\/p>\n<p>Em time que est\u00e1 ganhando n\u00e3o se mexe!<\/p>\n","protected":false},"excerpt":{"rendered":"<p>A Federa\u00e7\u00e3o Nacional dos Policiais Federais (Fenapef), leg\u00edtima representante dos 15 mil policiais federais do pa\u00eds, recebe com preocupa\u00e7\u00e3o a not\u00edcia de que a Pol\u00edcia Federal decidiu mudar a estrutura de trabalho da Opera\u00e7\u00e3o Lava Jato, a mais bem-sucedida opera\u00e7\u00e3o da Pol\u00edcia Federal. Ao desestruturar a for\u00e7a-tarefa, a Lava Jato passar\u00e1 a seguir o rito normal de um inqu\u00e9rito policial [&hellip;]<\/p>\n","protected":false},"author":27,"featured_media":0,"comment_status":"open","ping_status":"closed","sticky":false,"template":"","format":"standard","meta":{"footnotes":""},"categories":[2719],"tags":[3099,204,5997,205,1642,7202,7209,7208,107,105,860,561,4413,1456,2896,6617,7207,1518,5699],"class_list":["post-5826","post","type-post","status-publish","format-standard","hentry","category-servidor","tag-cautela","tag-combate","tag-comum","tag-corrupcao","tag-crimes","tag-delecor","tag-desestruturar","tag-equipes","tag-fenapef","tag-fim","tag-financeiros","tag-informacoes","tag-inquerito","tag-investigacoes","tag-modificacao","tag-normal","tag-opracao-lava-jato","tag-prejuizos","tag-rito"],"_links":{"self":[{"href":"https:\/\/blogs.correiobraziliense.com.br\/servidor\/wp-json\/wp\/v2\/posts\/5826","targetHints":{"allow":["GET"]}}],"collection":[{"href":"https:\/\/blogs.correiobraziliense.com.br\/servidor\/wp-json\/wp\/v2\/posts"}],"about":[{"href":"https:\/\/blogs.correiobraziliense.com.br\/servidor\/wp-json\/wp\/v2\/types\/post"}],"author":[{"embeddable":true,"href":"https:\/\/blogs.correiobraziliense.com.br\/servidor\/wp-json\/wp\/v2\/users\/27"}],"replies":[{"embeddable":true,"href":"https:\/\/blogs.correiobraziliense.com.br\/servidor\/wp-json\/wp\/v2\/comments?post=5826"}],"version-history":[{"count":3,"href":"https:\/\/blogs.correiobraziliense.com.br\/servidor\/wp-json\/wp\/v2\/posts\/5826\/revisions"}],"predecessor-version":[{"id":5829,"href":"https:\/\/blogs.correiobraziliense.com.br\/servidor\/wp-json\/wp\/v2\/posts\/5826\/revisions\/5829"}],"wp:attachment":[{"href":"https:\/\/blogs.correiobraziliense.com.br\/servidor\/wp-json\/wp\/v2\/media?parent=5826"}],"wp:term":[{"taxonomy":"category","embeddable":true,"href":"https:\/\/blogs.correiobraziliense.com.br\/servidor\/wp-json\/wp\/v2\/categories?post=5826"},{"taxonomy":"post_tag","embeddable":true,"href":"https:\/\/blogs.correiobraziliense.com.br\/servidor\/wp-json\/wp\/v2\/tags?post=5826"}],"curies":[{"name":"wp","href":"https:\/\/api.w.org\/{rel}","templated":true}]}}