{"id":582,"date":"2015-11-11T16:20:39","date_gmt":"2015-11-11T18:20:39","guid":{"rendered":"https:\/\/blogs.correiobraziliense.com.br\/servidor\/?p=582"},"modified":"2015-11-11T16:20:39","modified_gmt":"2015-11-11T18:20:39","slug":"agradecimento-do-ministro-levy-aos-senadores-do-pmdb","status":"publish","type":"post","link":"https:\/\/blogs.correiobraziliense.com.br\/servidor\/agradecimento-do-ministro-levy-aos-senadores-do-pmdb\/","title":{"rendered":"AGRADECIMENTO DO MINISTRO LEVY AOS SENADORES DO PMDB"},"content":{"rendered":"<p>&#8220;Prezados senadores<\/p>\n<p>&nbsp;<\/p>\n<p>Obrigado pela oportunidade de ouvir o sentimento e avalia\u00e7\u00e3o de cada um ontem \u00e0 noite, e especialmente a receptividade com que fui brindado.<\/p>\n<p>&nbsp;<\/p>\n<p>O compromisso com o Brasil e o esp\u00edrito de coopera\u00e7\u00e3o entre a mais alta lideran\u00e7a do pa\u00eds na busca de solu\u00e7\u00f5es nesse momento de tantas inc\u00f3gnitas foram as principais impress\u00f5es que levei daqueles momentos.<\/p>\n<p>&nbsp;<\/p>\n<p>Muito al\u00e9m da an\u00e1lise t\u00e9cnica dos determinantes externos e dom\u00e9sticos da atual situa\u00e7\u00e3o econ\u00f4mica, gostaria de reiterar a vis\u00e3o de que temos hoje a oportunidade de construir um pa\u00eds com institui\u00e7\u00f5es mais fortes e uma economia onde a juventude tenha confian\u00e7a no resultado do trabalho.<\/p>\n<p>&nbsp;<\/p>\n<p>Nessa estrat\u00e9gia, a seguran\u00e7a fiscal, que diminui os temores das pessoas e d\u00e1 visibilidade ao futuro, \u00e9 a base das outras a\u00e7\u00f5es para o desenvolvimento.<\/p>\n<p>&nbsp;<\/p>\n<p>A partir da fala de muitos, fica evidente que essa seguran\u00e7a s\u00f3 ser\u00e1 alcan\u00e7ada pela combina\u00e7\u00e3o de a\u00e7\u00f5es do lado do gasto e, ouso dizer, a garantia no curto prazo das receitas necess\u00e1rias para o equil\u00edbrio das contas p\u00fablicas.<\/p>\n<p>&nbsp;<\/p>\n<p>A pol\u00edtica econ\u00f4mica que queremos conduzir entende que o Brasil tem que apresentar op\u00e7\u00f5es para a modera\u00e7\u00e3o da carga tribut\u00e1ria, sem preju\u00edzo do equil\u00edbrio fiscal e respeitando os objetivos de prote\u00e7\u00e3o social e est\u00edmulo ao trabalho e ao investimento. Esse \u00e9 o novo contrato social em gesta\u00e7\u00e3o no Brasil, t\u00edpico de um pa\u00eds que, vencendo a pobreza e sendo cada vez mais de classe m\u00e9dia, quer sempre crescer, o que poder\u00e1 nos colocar em novo patamar de desenvolvimento.<\/p>\n<p>&nbsp;<\/p>\n<p>A proposta de permanente avalia\u00e7\u00e3o, prioriza\u00e7\u00e3o e disciplina do gasto p\u00fablico e um or\u00e7amento com receitas s\u00f3lidas \u00e9 a manifesta\u00e7\u00e3o imediata desse entendimento, e permitir\u00e1 a iniciativa privada e a popula\u00e7\u00e3o ter confian\u00e7a e levar avante seus planos e sonhos, traduzindo-se na retomada econ\u00f4mica.<\/p>\n<p>&nbsp;<\/p>\n<p>Como observei, os instrumentos mais habituais de est\u00edmulo \u00e0 economia j\u00e1 foram usados \u00e0 exaust\u00e3o. Portanto, teremos que trabalhar para enfrentar quest\u00f5es estruturais, de forma a dar competitividade ao pa\u00eds em um per\u00edodo em que n\u00e3o poderemos contar com os mesmos pre\u00e7os\u00a0 favor\u00e1veis para nossas mat\u00e9rias primas.<\/p>\n<p>&nbsp;<\/p>\n<p>Enfrentar a burocracia, as dificuldades de pagar impostos e a incerteza nas regras de neg\u00f3cios \u00e9 o imperativo para voltarmos a crescer e a espinha de nossa estrat\u00e9gia econ\u00f4mica. Junto com o equil\u00edbrio fiscal, esse enfrentamento \u00e9 o que permitir\u00e1 encontrar novas condi\u00e7\u00f5es para o financiamento da economia, inclusive pela modicidade de juros de mercado e n\u00e3o apenas atrav\u00e9s dos escaninhos tradicionais.<\/p>\n<p>&nbsp;<\/p>\n<p>Nossa estrat\u00e9gia \u00e9 abrir oportunidades para novas empresas e empreendedores, dando chance para o pa\u00eds vencer em um mundo ainda com baixo crescimento, mas onde ocorrem extraordin\u00e1rias mudan\u00e7as tecnol\u00f3gicas que impactam os modos de produ\u00e7\u00e3o e de consumo em todos os pa\u00edses.<\/p>\n<p>&nbsp;<\/p>\n<p>O Brasil j\u00e1 enfrentou muitas crises e conseguiu sair mais forte delas. Temos vantagens que poucos pa\u00edses t\u00eam, inclusive \u00e1reas de excel\u00eancia no conhecimento e nos neg\u00f3cios compar\u00e1veis \u00e0s de muitos pa\u00edses desenvolvidos, al\u00e9m da independ\u00eancia energ\u00e9tica e alimentar, e uma demografia jovem e cada vez mais qualificada.<\/p>\n<p>&nbsp;<\/p>\n<p>Portanto, os desafios de curto prazo ser\u00e3o superados, se enfrentados com clareza no diagn\u00f3stico e decis\u00e3o nas medidas necess\u00e1rias, validando assim a democracia e unidade que nos fazem um pa\u00eds admirado pelo mundo.<\/p>\n<p>&nbsp;<\/p>\n<p>Mais uma vez, muito obrigado pela oportunidade de conversarmos.<\/p>\n<p>&nbsp;<\/p>\n<p>&nbsp;<\/p>\n<p>JOAQUIM LEVY&#8221;<\/p>\n<p>&nbsp;<\/p>\n<p><em>Bras\u00edlia, 16h20min<\/em><\/p>\n","protected":false},"excerpt":{"rendered":"<p>&#8220;Prezados senadores &nbsp; Obrigado pela oportunidade de ouvir o sentimento e avalia\u00e7\u00e3o de cada um ontem \u00e0 noite, e especialmente a receptividade com que fui brindado. &nbsp; O compromisso com o Brasil e o esp\u00edrito de coopera\u00e7\u00e3o entre a mais alta lideran\u00e7a do pa\u00eds na busca de solu\u00e7\u00f5es nesse momento de tantas inc\u00f3gnitas foram as principais impress\u00f5es que levei daqueles [&hellip;]<\/p>\n","protected":false},"author":27,"featured_media":0,"comment_status":"open","ping_status":"closed","sticky":false,"template":"","format":"standard","meta":{"footnotes":""},"categories":[1],"tags":[38,36,35,37,40,39],"class_list":["post-582","post","type-post","status-publish","format-standard","hentry","category-sem-categoria","tag-agradecimento","tag-levy","tag-ministro","tag-nota","tag-pmdb","tag-senadores"],"_links":{"self":[{"href":"https:\/\/blogs.correiobraziliense.com.br\/servidor\/wp-json\/wp\/v2\/posts\/582","targetHints":{"allow":["GET"]}}],"collection":[{"href":"https:\/\/blogs.correiobraziliense.com.br\/servidor\/wp-json\/wp\/v2\/posts"}],"about":[{"href":"https:\/\/blogs.correiobraziliense.com.br\/servidor\/wp-json\/wp\/v2\/types\/post"}],"author":[{"embeddable":true,"href":"https:\/\/blogs.correiobraziliense.com.br\/servidor\/wp-json\/wp\/v2\/users\/27"}],"replies":[{"embeddable":true,"href":"https:\/\/blogs.correiobraziliense.com.br\/servidor\/wp-json\/wp\/v2\/comments?post=582"}],"version-history":[{"count":1,"href":"https:\/\/blogs.correiobraziliense.com.br\/servidor\/wp-json\/wp\/v2\/posts\/582\/revisions"}],"predecessor-version":[{"id":583,"href":"https:\/\/blogs.correiobraziliense.com.br\/servidor\/wp-json\/wp\/v2\/posts\/582\/revisions\/583"}],"wp:attachment":[{"href":"https:\/\/blogs.correiobraziliense.com.br\/servidor\/wp-json\/wp\/v2\/media?parent=582"}],"wp:term":[{"taxonomy":"category","embeddable":true,"href":"https:\/\/blogs.correiobraziliense.com.br\/servidor\/wp-json\/wp\/v2\/categories?post=582"},{"taxonomy":"post_tag","embeddable":true,"href":"https:\/\/blogs.correiobraziliense.com.br\/servidor\/wp-json\/wp\/v2\/tags?post=582"}],"curies":[{"name":"wp","href":"https:\/\/api.w.org\/{rel}","templated":true}]}}