{"id":5803,"date":"2017-07-05T19:10:45","date_gmt":"2017-07-05T22:10:45","guid":{"rendered":"https:\/\/blogs.correiobraziliense.com.br\/servidor\/?p=5803"},"modified":"2017-07-05T19:10:45","modified_gmt":"2017-07-05T22:10:45","slug":"anpr-contesta-declaracoes-do-ministro-da-justica-torquato-jardim","status":"publish","type":"post","link":"https:\/\/blogs.correiobraziliense.com.br\/servidor\/anpr-contesta-declaracoes-do-ministro-da-justica-torquato-jardim\/","title":{"rendered":"ANPR contesta declara\u00e7\u00f5es do Ministro da Justi\u00e7a, Torquato Jardim"},"content":{"rendered":"<h3>O MP nada mais faz que exigir o respeito \u00e0s leis, que s\u00e3o o resultado da atua\u00e7\u00e3o do Poder Legislativo<\/h3>\n<p align=\"justify\">A Associa\u00e7\u00e3o Nacional dos Procuradores da Rep\u00fablica vem a p\u00fablico esclarecer que as declara\u00e7\u00f5es do Professor Torquato Lorena Jardim, atual Ministro da Justi\u00e7a, veiculadas em entrevista publicada na revista Exame hoje, 05, refletem quest\u00f5es acerca de dificuldades de entendimento no funcionamento contempor\u00e2neo do Estado Democr\u00e1tico de Direito.<\/p>\n<p align=\"justify\">O Ministro da Justi\u00e7a, qual todos seus antecessores, deveria conhecer, e certamente conhece, a sufici\u00eancia dos muitos mecanismos legais e constitucionais de controle externo e interno do Minist\u00e9rio P\u00fablico. Procuradores da Rep\u00fablica s\u00e3o submetidos a poder correicional de uma Corregedoria-Geral e de corregedores regionais, bem como os atos est\u00e3o sujeitos \u00e0 revis\u00e3o por C\u00e2maras de Coordena\u00e7\u00e3o e Revis\u00e3o. Medidas postuladas pelo Minist\u00e9rio P\u00fablico s\u00f3 podem ser cogentes a partir da devida aprecia\u00e7\u00e3o e determina\u00e7\u00e3o do Poder Judici\u00e1rio.<\/p>\n<p align=\"justify\">O Minist\u00e9rio P\u00fablico nada mais faz que exigir o respeito \u00e0s leis, que s\u00e3o o resultado da atua\u00e7\u00e3o do Poder Legislativo. A ANPR ressalta ainda que o Minist\u00e9rio P\u00fablico promove justi\u00e7a e, portanto, age na maioria das vezes pedindo perante o Poder Judici\u00e1rio, e controlado por este, como muito bem o sabe o ministro.<\/p>\n<p align=\"justify\">Ademais, pessoas que se sintam atingidas por procedimentos do Minist\u00e9rio P\u00fablico podem se dirigir ao Conselho Nacional do Minist\u00e9rio P\u00fablico, que tem a atribui\u00e7\u00e3o de fiscaliza\u00e7\u00e3o funcional dos membros do Minist\u00e9rio P\u00fablico nacional. A quem interessaria um Minist\u00e9rio P\u00fablico sem independ\u00eancia funcional e autonomia institucional, prerrogativas que s\u00e3o pilares da democracia, t\u00eam previs\u00e3o na Constitui\u00e7\u00e3o e est\u00e3o contribuindo para os avan\u00e7os que o Brasil tem experimentado no combate \u00e0 corrup\u00e7\u00e3o?<\/p>\n<p align=\"justify\">\u00c9 natural o desconforto de qualquer cidad\u00e3o que, por iniciativa do Minist\u00e9rio P\u00fablico, tenha de prestar contas, no Poder Judici\u00e1rio, de seus atos il\u00edcitos, m\u00e1xime quando se trate de uma autoridade p\u00fablica, de quem se espera fidelidade \u00e0s leis e \u00e0 Constitui\u00e7\u00e3o, quando os mecanismos de controle dos seus atos se mostraram insuficientes ao ponto de exigir a atua\u00e7\u00e3o subsidi\u00e1ria do MP. N\u00e3o \u00e9, portanto, definitivamente, o Minist\u00e9rio P\u00fablico o espa\u00e7o republicano que, na atualidade, mais carece de controle para n\u00e3o deix\u00e1-lo desbordar da legalidade e da moralidade. A for\u00e7a do Minist\u00e9rio P\u00fablico s\u00f3 existe para os descumpridores da lei, n\u00e3o contra homens de bem.<\/p>\n<p align=\"justify\">Jos\u00e9 Robalinho Cavalcanti<\/p>\n<p align=\"justify\">Procurador Regional da Rep\u00fablica<\/p>\n<p align=\"justify\">Presidente da ANPR<\/p>\n","protected":false},"excerpt":{"rendered":"<p>O MP nada mais faz que exigir o respeito \u00e0s leis, que s\u00e3o o resultado da atua\u00e7\u00e3o do Poder Legislativo A Associa\u00e7\u00e3o Nacional dos Procuradores da Rep\u00fablica vem a p\u00fablico esclarecer que as declara\u00e7\u00f5es do Professor Torquato Lorena Jardim, atual Ministro da Justi\u00e7a, veiculadas em entrevista publicada na revista Exame hoje, 05, refletem quest\u00f5es acerca de dificuldades de entendimento no [&hellip;]<\/p>\n","protected":false},"author":27,"featured_media":0,"comment_status":"open","ping_status":"closed","sticky":false,"template":"","format":"standard","meta":{"footnotes":""},"categories":[2719],"tags":[4959,204,2631,205,1218,4408,1973,2181,4645,3176],"class_list":["post-5803","post","type-post","status-publish","format-standard","hentry","category-servidor","tag-anpr","tag-combate","tag-contesta","tag-corrupcao","tag-declaracoes","tag-legalidade","tag-ministerio-da-justica","tag-moralidade","tag-poder-legislativo","tag-torquato-jardim"],"_links":{"self":[{"href":"https:\/\/blogs.correiobraziliense.com.br\/servidor\/wp-json\/wp\/v2\/posts\/5803","targetHints":{"allow":["GET"]}}],"collection":[{"href":"https:\/\/blogs.correiobraziliense.com.br\/servidor\/wp-json\/wp\/v2\/posts"}],"about":[{"href":"https:\/\/blogs.correiobraziliense.com.br\/servidor\/wp-json\/wp\/v2\/types\/post"}],"author":[{"embeddable":true,"href":"https:\/\/blogs.correiobraziliense.com.br\/servidor\/wp-json\/wp\/v2\/users\/27"}],"replies":[{"embeddable":true,"href":"https:\/\/blogs.correiobraziliense.com.br\/servidor\/wp-json\/wp\/v2\/comments?post=5803"}],"version-history":[{"count":1,"href":"https:\/\/blogs.correiobraziliense.com.br\/servidor\/wp-json\/wp\/v2\/posts\/5803\/revisions"}],"predecessor-version":[{"id":5804,"href":"https:\/\/blogs.correiobraziliense.com.br\/servidor\/wp-json\/wp\/v2\/posts\/5803\/revisions\/5804"}],"wp:attachment":[{"href":"https:\/\/blogs.correiobraziliense.com.br\/servidor\/wp-json\/wp\/v2\/media?parent=5803"}],"wp:term":[{"taxonomy":"category","embeddable":true,"href":"https:\/\/blogs.correiobraziliense.com.br\/servidor\/wp-json\/wp\/v2\/categories?post=5803"},{"taxonomy":"post_tag","embeddable":true,"href":"https:\/\/blogs.correiobraziliense.com.br\/servidor\/wp-json\/wp\/v2\/tags?post=5803"}],"curies":[{"name":"wp","href":"https:\/\/api.w.org\/{rel}","templated":true}]}}