{"id":5799,"date":"2017-07-05T17:49:43","date_gmt":"2017-07-05T20:49:43","guid":{"rendered":"https:\/\/blogs.correiobraziliense.com.br\/servidor\/?p=5799"},"modified":"2017-07-05T17:49:43","modified_gmt":"2017-07-05T20:49:43","slug":"governo-de-brasilia","status":"publish","type":"post","link":"https:\/\/blogs.correiobraziliense.com.br\/servidor\/governo-de-brasilia\/","title":{"rendered":"Governo de Bras\u00edlia &#8211; exonera\u00e7\u00e3o"},"content":{"rendered":"<p>O governador de Bras\u00edlia, Rodrigo Rollemberg, decidiu exonerar o diretor-adjunto do Jardim Zool\u00f3gico, Erico Grassi Cademartori, por sua atitude durante entrevista a uma emissora de televis\u00e3o nesta quarta-feira (5).<\/p>\n<p>O governador conversou, por telefone, com o diretor-adjunto e explicou que ele concedia entrevista na condi\u00e7\u00e3o de agente p\u00fablico, devendo, portanto, evitar manifesta\u00e7\u00e3o pol\u00edtica.<\/p>\n<p>Cademartori colocou-se \u00e0 disposi\u00e7\u00e3o do Governo para realizar a transi\u00e7\u00e3o do cargo.<\/p>\n<p>&nbsp;<\/p>\n","protected":false},"excerpt":{"rendered":"<p>O governador de Bras\u00edlia, Rodrigo Rollemberg, decidiu exonerar o diretor-adjunto do Jardim Zool\u00f3gico, Erico Grassi Cademartori, por sua atitude durante entrevista a uma emissora de televis\u00e3o nesta quarta-feira (5). O governador conversou, por telefone, com o diretor-adjunto e explicou que ele concedia entrevista na condi\u00e7\u00e3o de agente p\u00fablico, devendo, portanto, evitar manifesta\u00e7\u00e3o pol\u00edtica. Cademartori colocou-se \u00e0 disposi\u00e7\u00e3o do Governo para [&hellip;]<\/p>\n","protected":false},"author":27,"featured_media":0,"comment_status":"open","ping_status":"closed","sticky":false,"template":"","format":"standard","meta":{"footnotes":""},"categories":[2719],"tags":[2819,867,7138,2208,908,98,7139,7140],"class_list":["post-5799","post","type-post","status-publish","format-standard","hentry","category-servidor","tag-agente","tag-brasilia","tag-diretor-adjunto","tag-entrevista","tag-exoneracao","tag-governo","tag-jardim-zoologico","tag-publoico"],"_links":{"self":[{"href":"https:\/\/blogs.correiobraziliense.com.br\/servidor\/wp-json\/wp\/v2\/posts\/5799","targetHints":{"allow":["GET"]}}],"collection":[{"href":"https:\/\/blogs.correiobraziliense.com.br\/servidor\/wp-json\/wp\/v2\/posts"}],"about":[{"href":"https:\/\/blogs.correiobraziliense.com.br\/servidor\/wp-json\/wp\/v2\/types\/post"}],"author":[{"embeddable":true,"href":"https:\/\/blogs.correiobraziliense.com.br\/servidor\/wp-json\/wp\/v2\/users\/27"}],"replies":[{"embeddable":true,"href":"https:\/\/blogs.correiobraziliense.com.br\/servidor\/wp-json\/wp\/v2\/comments?post=5799"}],"version-history":[{"count":1,"href":"https:\/\/blogs.correiobraziliense.com.br\/servidor\/wp-json\/wp\/v2\/posts\/5799\/revisions"}],"predecessor-version":[{"id":5800,"href":"https:\/\/blogs.correiobraziliense.com.br\/servidor\/wp-json\/wp\/v2\/posts\/5799\/revisions\/5800"}],"wp:attachment":[{"href":"https:\/\/blogs.correiobraziliense.com.br\/servidor\/wp-json\/wp\/v2\/media?parent=5799"}],"wp:term":[{"taxonomy":"category","embeddable":true,"href":"https:\/\/blogs.correiobraziliense.com.br\/servidor\/wp-json\/wp\/v2\/categories?post=5799"},{"taxonomy":"post_tag","embeddable":true,"href":"https:\/\/blogs.correiobraziliense.com.br\/servidor\/wp-json\/wp\/v2\/tags?post=5799"}],"curies":[{"name":"wp","href":"https:\/\/api.w.org\/{rel}","templated":true}]}}