{"id":5792,"date":"2017-07-05T14:43:40","date_gmt":"2017-07-05T17:43:40","guid":{"rendered":"https:\/\/blogs.correiobraziliense.com.br\/servidor\/?p=5792"},"modified":"2017-07-05T14:43:40","modified_gmt":"2017-07-05T17:43:40","slug":"fenaprf-nota-em-repudio-ao-contingenciamento-de-verbas-da-prf","status":"publish","type":"post","link":"https:\/\/blogs.correiobraziliense.com.br\/servidor\/fenaprf-nota-em-repudio-ao-contingenciamento-de-verbas-da-prf\/","title":{"rendered":"FenaPRF &#8211; Nota em rep\u00fadio ao contingenciamento de verbas da PRF"},"content":{"rendered":"<p><em>O corte do governo representa transformar uma institui\u00e7\u00e3o que trabalha de forma preventiva para uma forma reativa, onde passar\u00e1 a apenas atender as ocorr\u00eancias, gerando facilidade no tr\u00e2nsito de drogas pelo pa\u00eds, aumento da criminalidade nas rodovias, e principalmente o aumento de mortos e feridos no tr\u00e2nsito, e essa conta recair\u00e1 mais uma vez sobre a sociedade brasileira, denunciou a Federa\u00e7\u00e3o Nacional dos Policiais Rodovi\u00e1rios Federais (FenaPRF)<br \/>\n<\/em><\/p>\n<p>Veja a nota na \u00edntegra:<\/p>\n<p>&#8220;O Departamento de Pol\u00edcia Rodovi\u00e1ria Federal (DPRF) divulgou no come\u00e7o da manh\u00e3 desta quarta-feira (05) as mudan\u00e7as no funcionamento da pol\u00edcia por consequ\u00eancia do contingenciamento de quase metade do or\u00e7amento destinado \u00e0 PRF.<\/p>\n<p>A Federa\u00e7\u00e3o Nacional dos Policiais Rodovi\u00e1rios Federais (FenaPRF) lamenta que em um per\u00edodo de aumento do fluxo do tr\u00e1fico de drogas e de crimes violentos nas rodovias federais, al\u00e9m do in\u00edcio do per\u00edodo de f\u00e9rias escolares, o Governo Federal tome uma atitude t\u00e3o dr\u00e1stica de diminuir os recursos de uma institui\u00e7\u00e3o essencial \u00e0 seguran\u00e7a p\u00fablica nacional no policiamento ostensivo nas rodovias federais e preven\u00e7\u00e3o a acidentes. O corte inviabiliza v\u00e1rios projetos de melhorias em andamento, e promove o sucateamento da institui\u00e7\u00e3o que, de forma preventiva, h\u00e1 quase 90 anos, mais apreende drogas no pa\u00eds, e, na D\u00e9cada Mundial de Redu\u00e7\u00e3o de V\u00edtimas do Tr\u00e2nsito vinha reduzindo, ano a ano, o n\u00famero de mortos e feridos nas rodovias federais.<\/p>\n<p dir=\"ltr\">No ano passado, em 2016, o or\u00e7amento para custeio e investimento na PRF foi de R$ 782 milh\u00f5es e em 2017 caiu para R$ 420 milh\u00f5es, o que gerou dificuldades na gest\u00e3o de opera\u00e7\u00f5es e at\u00e9 do policiamento comum. Com o contingenciamento esse or\u00e7amento diminui ainda mais, quase 44% dele foi cortado, restando apenas R$ 230 milh\u00f5es.<\/p>\n<p dir=\"ltr\"><strong>O que representa esse corte na pr\u00e1tica?<\/strong><br \/>\nOs policiais rodovi\u00e1rios federais j\u00e1 t\u00eam como rotina de trabalho deslocar-se a pontos em que \u00e9 mais comum a apreens\u00e3o de drogas, flagrante de motoristas b\u00eabados e de fiscaliza\u00e7\u00e3o de velocidade para diminui\u00e7\u00e3o de acidentes nas rodovias. Com os cortes, o resgate a\u00e9reo a v\u00edtimas graves de acidentes n\u00e3o acontecer\u00e1 mais, assim como o policiamento a\u00e9reo. Outro servi\u00e7o que est\u00e1 suspenso \u00e9 a escolta de cargas que passam da dimens\u00e3o das faixas vi\u00e1rias. As viaturas da PRF tamb\u00e9m ter\u00e3o os deslocamentos limitados, e postos ser\u00e3o fechados.<\/p>\n<p dir=\"ltr\">O corte do governo representa transformar uma institui\u00e7\u00e3o que trabalha de forma preventiva para uma forma reativa, onde passar\u00e1 a apenas atender as ocorr\u00eancias, gerando facilidade no tr\u00e2nsito de drogas pelo pa\u00eds, aumento da criminalidade nas rodovias, e principalmente o aumento de mortos e feridos no tr\u00e2nsito, e essa conta recair\u00e1 mais uma vez sobre a sociedade brasileira.<\/p>\n<p dir=\"ltr\">V\u00e1rios of\u00edcios foram enviados ao Minist\u00e9rio da Justi\u00e7a e ao Departamento de Pol\u00edcia Rodovi\u00e1ria Federal ao tomarmos conhecimento da possibilidade do contingenciamento das atividades da PRF, solicitando provid\u00eancias e procurando evitar que uma atividade essencial de seguran\u00e7a p\u00fablica fosse descontinuada.<\/p>\n<p dir=\"ltr\">\u00c9 contradit\u00f3rio o corte do governo \u00e0 PRF, pois impede o servidor de exercer suas fun\u00e7\u00f5es de prote\u00e7\u00e3o \u00e0 sociedade, e produz o mesmo efeito de uma greve , que \u00e9 constitucionalmente proibida justamente devido \u00e0 essencialidade dos servi\u00e7os prestados. A FenaPRF espera que o Governo Federal repense suas prioridades, aja com responsabilidade e fa\u00e7a os cortes, caso necess\u00e1rios, em outras \u00e1reas n\u00e3o t\u00e3o essenciais como o pagamento de juros da d\u00edvida p\u00fablica.<\/p>\n<p dir=\"ltr\">Por fim, reiteramos nosso compromisso de continuar na luta pelo fortalecimento da PRF que passa, necessariamente, pela garantia integral do desempenho das fun\u00e7\u00f5es constitucionais e legais por parte dos policiais rodovi\u00e1rios federais, o que est\u00e1 sendo comprometido pelo contingenciamento linear do or\u00e7amento, que n\u00e3o considera a essencialidade da atividade desenvolvida pela nossa categoria.&#8221;<\/p>\n<p dir=\"ltr\">Fonte: Ag\u00eancia FenaPRF<\/p>\n","protected":false},"excerpt":{"rendered":"<p>O corte do governo representa transformar uma institui\u00e7\u00e3o que trabalha de forma preventiva para uma forma reativa, onde passar\u00e1 a apenas atender as ocorr\u00eancias, gerando facilidade no tr\u00e2nsito de drogas pelo pa\u00eds, aumento da criminalidade nas rodovias, e principalmente o aumento de mortos e feridos no tr\u00e2nsito, e essa conta recair\u00e1 mais uma vez sobre a sociedade brasileira, denunciou a [&hellip;]<\/p>\n","protected":false},"author":27,"featured_media":0,"comment_status":"open","ping_status":"closed","sticky":false,"template":"","format":"standard","meta":{"footnotes":""},"categories":[2719],"tags":[1026,7129,5649,7124,5414,2,7126,940,7128,217,7125,7123,318,110,841,1300,1217,3041,351,7127,6232,2223],"class_list":["post-5792","post","type-post","status-publish","format-standard","hentry","category-servidor","tag-apreensao","tag-bebados","tag-contingenciamento","tag-criminalidade","tag-drogas","tag-fenaprf","tag-feridos","tag-fiscalizacao","tag-flagrante","tag-investimento","tag-mortos","tag-ocorrencias","tag-orcamento","tag-policiais","tag-prf","tag-projetos","tag-repudio","tag-rodovias","tag-sociedade","tag-sucateamento","tag-transito","tag-verbas"],"_links":{"self":[{"href":"https:\/\/blogs.correiobraziliense.com.br\/servidor\/wp-json\/wp\/v2\/posts\/5792","targetHints":{"allow":["GET"]}}],"collection":[{"href":"https:\/\/blogs.correiobraziliense.com.br\/servidor\/wp-json\/wp\/v2\/posts"}],"about":[{"href":"https:\/\/blogs.correiobraziliense.com.br\/servidor\/wp-json\/wp\/v2\/types\/post"}],"author":[{"embeddable":true,"href":"https:\/\/blogs.correiobraziliense.com.br\/servidor\/wp-json\/wp\/v2\/users\/27"}],"replies":[{"embeddable":true,"href":"https:\/\/blogs.correiobraziliense.com.br\/servidor\/wp-json\/wp\/v2\/comments?post=5792"}],"version-history":[{"count":1,"href":"https:\/\/blogs.correiobraziliense.com.br\/servidor\/wp-json\/wp\/v2\/posts\/5792\/revisions"}],"predecessor-version":[{"id":5793,"href":"https:\/\/blogs.correiobraziliense.com.br\/servidor\/wp-json\/wp\/v2\/posts\/5792\/revisions\/5793"}],"wp:attachment":[{"href":"https:\/\/blogs.correiobraziliense.com.br\/servidor\/wp-json\/wp\/v2\/media?parent=5792"}],"wp:term":[{"taxonomy":"category","embeddable":true,"href":"https:\/\/blogs.correiobraziliense.com.br\/servidor\/wp-json\/wp\/v2\/categories?post=5792"},{"taxonomy":"post_tag","embeddable":true,"href":"https:\/\/blogs.correiobraziliense.com.br\/servidor\/wp-json\/wp\/v2\/tags?post=5792"}],"curies":[{"name":"wp","href":"https:\/\/api.w.org\/{rel}","templated":true}]}}