{"id":5788,"date":"2017-07-05T12:42:05","date_gmt":"2017-07-05T15:42:05","guid":{"rendered":"https:\/\/blogs.correiobraziliense.com.br\/servidor\/?p=5788"},"modified":"2017-07-05T12:42:05","modified_gmt":"2017-07-05T15:42:05","slug":"denuncia-contra-temer-camara-precisa-decidir-rapidamente-defende-rubens-bueno","status":"publish","type":"post","link":"https:\/\/blogs.correiobraziliense.com.br\/servidor\/denuncia-contra-temer-camara-precisa-decidir-rapidamente-defende-rubens-bueno\/","title":{"rendered":"Den\u00fancia contra Temer: C\u00e2mara precisa decidir rapidamente, defende Rubens Bueno"},"content":{"rendered":"<div class=\"gmail-content-page\">\n<p>Titular da Comiss\u00e3o de Constitui\u00e7\u00e3o e Justi\u00e7a (CCJ), o deputado federal Rubens Bueno (PPS-PR) defendeu nesta <span id=\"OBJ_PREFIX_DWT1355_com_zimbra_date\" class=\"Object\"><span id=\"OBJ_PREFIX_DWT1357_com_zimbra_date\" class=\"Object\">quarta<\/span><\/span>-feira que a C\u00e2mara analise com a maior rapidez poss\u00edvel se autoriza ou n\u00e3o que a den\u00fancia contra o presidente Michel Temer seja analisada pelo Supremo Tribunal Federal (STF). Para o parlamentar, se o caso se arrastar por muito tempo, a crise pol\u00edtica poder\u00e1 contaminar a economia do pa\u00eds, que nos \u00faltimos meses v\u00eam dando sinais de melhora e apresentando diversos resultados positivos.<\/p>\n<p>\u201cSomente nesta semana tivemos a not\u00edcia de super\u00e1vit recorde de US$ 7,195 bilh\u00f5es na balan\u00e7a comercial em junho. Trata-se do melhor resultado para o m\u00eas desde 1989. Outro indicador relevante \u00e9 a recupera\u00e7\u00e3o da produ\u00e7\u00e3o industrial, que cresceu 0,8% em maio na compara\u00e7\u00e3o com <span id=\"OBJ_PREFIX_DWT1356_com_zimbra_date\" class=\"Object\"><span id=\"OBJ_PREFIX_DWT1358_com_zimbra_date\" class=\"Object\">abril e 4<\/span><\/span>% a mais do que um ano antes. Diante desse cen\u00e1rio, n\u00e3o podemos deixar que a crise pol\u00edtica se agrave ao ponto de frear a recupera\u00e7\u00e3o da economia. Nesse sentido \u00e9 fundamental que a C\u00e2mara defina logo o futuro de Temer\u201d, defendeu Rubens Bueno.<\/p>\n<p>De acordo com o parlamentar, a crise pol\u00edtica em torno do presidente da Rep\u00fablica s\u00f3 n\u00e3o provocou mais desgastes porque o mercado tem consci\u00eancia de que o governo n\u00e3o est\u00e1 ancorado apenas na figura de Temer. \u201cTrata-se de um governo de transi\u00e7\u00e3o que \u00e9 sustentado pelas for\u00e7as pol\u00edticas que atuaram para aprovar o impeachment de Dilma Rousseff e a derrocada do PT. Ningu\u00e9m quer o PT e a crise econ\u00f4mica de volta. Ent\u00e3o, essa caminhada de transi\u00e7\u00e3o at\u00e9 2018 depende muito mais da unidade desse grupo para aprovar as reformas que o pa\u00eds precisa do que exclusivamente da situa\u00e7\u00e3o de Temer\u201d, avaliou Rubens Bueno, que no entanto reconhece o peso provocado pelas den\u00fancias contra o presidente.<\/p>\n<p>Com rela\u00e7\u00e3o a aprecia\u00e7\u00e3o da den\u00fancia contra Temer na CCJ da C\u00e2mara, o deputado disse que antes de manifestar seu voto ir\u00e1 analisar com cuidado todos os argumentos da Procuradoria Geral da Rep\u00fablica, que acusa o presidente de corrup\u00e7\u00e3o passiva, e tamb\u00e9m as alega\u00e7\u00f5es apresentadas pela defesa do peemedebista. \u201cN\u00e3o \u00e9 hora de antecipar voto. \u00c9 hora de analisar o caso para, no dia da decis\u00e3o, votar com a consci\u00eancia de que est\u00e1 agindo ao encontro do que \u00e9 melhor para o pa\u00eds\u201d, finalizou.<\/p>\n<\/div>\n","protected":false},"excerpt":{"rendered":"<p>Titular da Comiss\u00e3o de Constitui\u00e7\u00e3o e Justi\u00e7a (CCJ), o deputado federal Rubens Bueno (PPS-PR) defendeu nesta quarta-feira que a C\u00e2mara analise com a maior rapidez poss\u00edvel se autoriza ou n\u00e3o que a den\u00fancia contra o presidente Michel Temer seja analisada pelo Supremo Tribunal Federal (STF). Para o parlamentar, se o caso se arrastar por muito tempo, a crise pol\u00edtica poder\u00e1 [&hellip;]<\/p>\n","protected":false},"author":27,"featured_media":0,"comment_status":"open","ping_status":"closed","sticky":false,"template":"","format":"standard","meta":{"footnotes":""},"categories":[2719],"tags":[61,366,519,134,359,88,2474,548,7116,81,3752,7115,2142,1893,1417,6673,34,2226,7117],"class_list":["post-5788","post","type-post","status-publish","format-standard","hentry","category-servidor","tag-camara","tag-crise","tag-decidir","tag-denuncia","tag-deputado","tag-economia","tag-michel-temer","tag-pgr","tag-politca","tag-presidente","tag-pt","tag-rapidamente","tag-recuperacao","tag-reformas","tag-republica","tag-rubens-bueno","tag-stf","tag-transicao","tag-voto"],"_links":{"self":[{"href":"https:\/\/blogs.correiobraziliense.com.br\/servidor\/wp-json\/wp\/v2\/posts\/5788","targetHints":{"allow":["GET"]}}],"collection":[{"href":"https:\/\/blogs.correiobraziliense.com.br\/servidor\/wp-json\/wp\/v2\/posts"}],"about":[{"href":"https:\/\/blogs.correiobraziliense.com.br\/servidor\/wp-json\/wp\/v2\/types\/post"}],"author":[{"embeddable":true,"href":"https:\/\/blogs.correiobraziliense.com.br\/servidor\/wp-json\/wp\/v2\/users\/27"}],"replies":[{"embeddable":true,"href":"https:\/\/blogs.correiobraziliense.com.br\/servidor\/wp-json\/wp\/v2\/comments?post=5788"}],"version-history":[{"count":1,"href":"https:\/\/blogs.correiobraziliense.com.br\/servidor\/wp-json\/wp\/v2\/posts\/5788\/revisions"}],"predecessor-version":[{"id":5789,"href":"https:\/\/blogs.correiobraziliense.com.br\/servidor\/wp-json\/wp\/v2\/posts\/5788\/revisions\/5789"}],"wp:attachment":[{"href":"https:\/\/blogs.correiobraziliense.com.br\/servidor\/wp-json\/wp\/v2\/media?parent=5788"}],"wp:term":[{"taxonomy":"category","embeddable":true,"href":"https:\/\/blogs.correiobraziliense.com.br\/servidor\/wp-json\/wp\/v2\/categories?post=5788"},{"taxonomy":"post_tag","embeddable":true,"href":"https:\/\/blogs.correiobraziliense.com.br\/servidor\/wp-json\/wp\/v2\/tags?post=5788"}],"curies":[{"name":"wp","href":"https:\/\/api.w.org\/{rel}","templated":true}]}}