{"id":5764,"date":"2017-07-03T18:05:25","date_gmt":"2017-07-03T21:05:25","guid":{"rendered":"https:\/\/blogs.correiobraziliense.com.br\/servidor\/?p=5764"},"modified":"2017-07-03T18:05:25","modified_gmt":"2017-07-03T21:05:25","slug":"operacao-cui-bono-geddel-vieira-lima-e-preso","status":"publish","type":"post","link":"https:\/\/blogs.correiobraziliense.com.br\/servidor\/operacao-cui-bono-geddel-vieira-lima-e-preso\/","title":{"rendered":"Opera\u00e7\u00e3o Cui Bono: Geddel Vieira Lima \u00e9 preso"},"content":{"rendered":"<h2><em>Ex-ministro estaria tentando obstruir investiga\u00e7\u00e3o que apura irregularidades na libera\u00e7\u00e3o de recursos da Caixa Econ\u00f4mica Federal\u00a0<\/em><\/h2>\n<p>Em cumprimento a uma ordem judicial que atendeu a pedido da Pol\u00edcia Federal e da For\u00e7a-Tarefa Greenfield \u2013 que tamb\u00e9m \u00e9 respons\u00e1vel pelas opera\u00e7\u00f5es S\u00e9psis e Cui Bono &#8211; , foi preso nesta segunda-feira (3), o ex-ministro Geddel Vieira Lima. A pris\u00e3o \u00e9 de car\u00e1ter preventivo e tem como fundamento elementos reunidos a partir de informa\u00e7\u00f5es fornecidas em depoimentos recentes do doleiro L\u00facio Bolonha Funaro, do empres\u00e1rio Joesley Batista e do diretor jur\u00eddico do grupo J&amp;F, Francisco de Assis e Silva, sendo os dois \u00faltimos, em acordo de colabora\u00e7\u00e3o premiada. No pedido enviado \u00e0 Justi\u00e7a, os autores afirmaram que o pol\u00edtico tem agido para atrapalhar as investiga\u00e7\u00f5es. O objetivo de Geddel seria evitar que o ex-presidente da C\u00e2mara, Eduardo Cunha, e o pr\u00f3prio L\u00facio Funaro firmem acordo de colabora\u00e7\u00e3o com o Minist\u00e9rio P\u00fablico Federal (MPF). Para isso, tem atuado no sentido de assegurar que ambos recebam vantagens indevidas, al\u00e9m de \u201cmonitorar\u201d o comportamento do doleiro para constrang\u00ea-lo a n\u00e3o fechar o acordo.<\/p>\n<p>Na peti\u00e7\u00e3o apresentada \u00e0 Justi\u00e7a, foram citadas mensagens enviadas recentemente (entre os meses de maio e junho) por Geddel \u00e0 esposa de L\u00facio Funaro. Para provar, tanto a exist\u00eancia desses contatos quanto a afirma\u00e7\u00e3o de que a iniciativa partiu do pol\u00edtico, Funaro entregou \u00e0 pol\u00edcia c\u00f3pias de diversas telas do aplicativo. Nas mensagens, o ex-ministro, identificado pelo codinome \u201ccarainho\u201d, sonda a mulher do doleiro sobre a disposi\u00e7\u00e3o dele em se tornar um colaborador do MPF. Para os investigadores, os novos elementos deixam claro que Geddel continua agindo para obstruir a apura\u00e7\u00e3o dos crimes e ainda refor\u00e7am o perfil de algu\u00e9m que reitera na pr\u00e1tica criminosa. Por isso, eles pediram a pris\u00e3o \u201c como medida cautelar de prote\u00e7\u00e3o da ordem p\u00fablica e da ordem econ\u00f4mica contra novos crimes em s\u00e9rie que possam ser executados pelo investigado\u201d.<\/p>\n<p>Com a pris\u00e3o de Geddel, passam a ser cinco os presos preventivos no \u00e2mbito das investiga\u00e7\u00f5es da Opera\u00e7\u00e3o S\u00e9psis Cui Bono. J\u00e1 est\u00e3o detidos os ex-presidentes da C\u00e2mara, Eduardo Cunha e Henrique Eduardo Alves, o doleiro L\u00facio Funaro e Andr\u00e9 Luiz de Souza, todos apontados como integrantes da organiza\u00e7\u00e3o criminosa que agiu dentro da Caixa Econ\u00f4mica Federal (CEF). No caso de Cunha, Alves e Funaro, j\u00e1 existe uma a\u00e7\u00e3o penal em andamento. Os tr\u00eas s\u00e3o r\u00e9us no processo que apurou o pagamento de propina em decorr\u00eancia da libera\u00e7\u00e3o de recursos do FI-FGTS para a constru\u00e7\u00e3o do Porto Maravilha, no Rio de Janeiro. Al\u00e9m deles, respondem \u00e0 a\u00e7\u00e3o, Alexandre Margoto e F\u00e1bio Cleto.<\/p>\n<p><strong>Mais sobre as investiga\u00e7\u00f5es<\/strong><\/p>\n<p>Geddel Vieira Lima \u00e9 um dos investigados na Opera\u00e7\u00e3o Cui Bono. Deflagrada no dia 13 de janeiro, a frente investigativa tem o prop\u00f3sito de apurar irregularidades cometidas na vice-presid\u00eancia de Pessoa Jur\u00eddica da Caixa Econ\u00f4mica Federal, durante o per\u00edodo em que foi comandada pelo pol\u00edtico baiano. A investiga\u00e7\u00e3o teve origem na an\u00e1lise de conversas registradas em um aparelho de telefone celular apreendido na casa do ent\u00e3o deputado Eduardo Cunha. O teor das mensagens indicam que Cunha e Geddel atuavam para garantir a libera\u00e7\u00e3o de recursos por v\u00e1rios setores da CEF a empresas que, ap\u00f3s o recebimento, pagavam vantagens indevidas aos dois e a outros integrantes do esquema, entre eles F\u00e1bio Cleto. Cleto, que ocupou por indica\u00e7\u00e3o de Eduardo Cunha a vice-presid\u00eancia de Fundos de Governo e Loterias, foi quem forneceu as primeiras informa\u00e7\u00f5es aos investigadores. Em meados do ano passado, ele fechou acordo de colabora\u00e7\u00e3o premiada com a Procuradoria Geral da Rep\u00fablica (PGR).<\/p>\n<p>Em conversas datadas de 2012, por exemplo, os envolvidos revelam detalhes de como agiram para viabilizar a libera\u00e7\u00e3o de recursos para sete empresas e um partido pol\u00edtico. Entre os beneficiados do esquema il\u00edcito aparecem companhias controladas pela holding J&amp;F, cujos acionistas firmaram recentemente acordo com o MPF. O aprofundamento dos ind\u00edcios descobertos com a an\u00e1lise do conte\u00fado armazenado no aparelho telef\u00f4nico apreendido permitiu aos investigadores constatarem intensa e efetiva participa\u00e7\u00e3o de Geddel Vieira Lima no esquema criminoso. Al\u00e9m da pris\u00e3o preventiva, a Justi\u00e7a acatou os pedidos de quebra de sigilos fiscal, postal, banc\u00e1rio e telem\u00e1tico do ex-ministro.<\/p>\n<p>&nbsp;<\/p>\n","protected":false},"excerpt":{"rendered":"<p>Ex-ministro estaria tentando obstruir investiga\u00e7\u00e3o que apura irregularidades na libera\u00e7\u00e3o de recursos da Caixa Econ\u00f4mica Federal\u00a0 Em cumprimento a uma ordem judicial que atendeu a pedido da Pol\u00edcia Federal e da For\u00e7a-Tarefa Greenfield \u2013 que tamb\u00e9m \u00e9 respons\u00e1vel pelas opera\u00e7\u00f5es S\u00e9psis e Cui Bono &#8211; , foi preso nesta segunda-feira (3), o ex-ministro Geddel Vieira Lima. A pris\u00e3o \u00e9 de [&hellip;]<\/p>\n","protected":false},"author":27,"featured_media":0,"comment_status":"open","ping_status":"closed","sticky":false,"template":"","format":"standard","meta":{"footnotes":""},"categories":[2719],"tags":[1149,5099,1642,5109,1027,390,1749,6409,7089,7088,4361,722,353,3552,260,5364,5019,453,7087,3551,1120,104,2568,316],"class_list":["post-5764","post","type-post","status-publish","format-standard","hentry","category-servidor","tag-caixa","tag-cef","tag-crimes","tag-delacao","tag-depoimentos","tag-empresas","tag-esquema","tag-fi-fgts","tag-forca-tarefa","tag-geddel-vieira-lima","tag-iliticos","tag-investigacao","tag-irregularidades","tag-jf","tag-justica","tag-liberacao","tag-mensagens","tag-mpf","tag-operacao-cui-bono","tag-operacao-greenfield","tag-participacao","tag-policia-federal","tag-preso","tag-recursos"],"_links":{"self":[{"href":"https:\/\/blogs.correiobraziliense.com.br\/servidor\/wp-json\/wp\/v2\/posts\/5764","targetHints":{"allow":["GET"]}}],"collection":[{"href":"https:\/\/blogs.correiobraziliense.com.br\/servidor\/wp-json\/wp\/v2\/posts"}],"about":[{"href":"https:\/\/blogs.correiobraziliense.com.br\/servidor\/wp-json\/wp\/v2\/types\/post"}],"author":[{"embeddable":true,"href":"https:\/\/blogs.correiobraziliense.com.br\/servidor\/wp-json\/wp\/v2\/users\/27"}],"replies":[{"embeddable":true,"href":"https:\/\/blogs.correiobraziliense.com.br\/servidor\/wp-json\/wp\/v2\/comments?post=5764"}],"version-history":[{"count":1,"href":"https:\/\/blogs.correiobraziliense.com.br\/servidor\/wp-json\/wp\/v2\/posts\/5764\/revisions"}],"predecessor-version":[{"id":5765,"href":"https:\/\/blogs.correiobraziliense.com.br\/servidor\/wp-json\/wp\/v2\/posts\/5764\/revisions\/5765"}],"wp:attachment":[{"href":"https:\/\/blogs.correiobraziliense.com.br\/servidor\/wp-json\/wp\/v2\/media?parent=5764"}],"wp:term":[{"taxonomy":"category","embeddable":true,"href":"https:\/\/blogs.correiobraziliense.com.br\/servidor\/wp-json\/wp\/v2\/categories?post=5764"},{"taxonomy":"post_tag","embeddable":true,"href":"https:\/\/blogs.correiobraziliense.com.br\/servidor\/wp-json\/wp\/v2\/tags?post=5764"}],"curies":[{"name":"wp","href":"https:\/\/api.w.org\/{rel}","templated":true}]}}