{"id":576,"date":"2015-11-10T14:05:25","date_gmt":"2015-11-10T16:05:25","guid":{"rendered":"https:\/\/blogs.correiobraziliense.com.br\/servidor\/?p=576"},"modified":"2015-11-10T14:05:25","modified_gmt":"2015-11-10T16:05:25","slug":"greve-dos-correios-em-botafogo-rj","status":"publish","type":"post","link":"https:\/\/blogs.correiobraziliense.com.br\/servidor\/greve-dos-correios-em-botafogo-rj\/","title":{"rendered":"GREVE DOS CORREIOS EM BOTAFOGO-RJ"},"content":{"rendered":"<p><span style=\"font-family: Tahoma;font-size: small\"><em>Trabalhadores dos Correios do CDD Botafogo entram amanh\u00e3 no 22o. dia de greve e v\u00e3o fazer grande ato no Largo do Machado<\/em><br \/>\n<\/span><\/p>\n<p>A dire\u00e7\u00e3o do <span class=\"st\">Sindicato dos Trabalhadores na Empresa Brasileira de Correios e Telegrafos do Rio de<\/span> Janeiro (Sintect\/RJ) far\u00e1 amanh\u00e3 (11) um grande ato na pra\u00e7a do Largo do Machado, a partir das 8h, para chamar a aten\u00e7\u00e3o da popula\u00e7\u00e3o sobre os motivos que levaram a categoria \u00e0 greve, que j\u00e1 vai chegar ao 22\u00ba dia. De acordo com a diretora do Sindicato\u00a0<a href=\"https:\/\/www.facebook.com\/rosemeri.leodoro\" target=\"_blank\">Rosemeri Leodoro<\/a>, eles tamb\u00e9m pedem que carteiros de outras unidades n\u00e3o furem a greve. &#8220;Esta \u00e9 uma reivindica\u00e7\u00e3o para todos e o que acontece hoje em Botafogo pode se estender \u00e0 outras unidades&#8221; afirma. A greve come\u00e7ou no dia 20 de outubro, desde que a dire\u00e7\u00e3o dos Correios decidiu, sem dialogar com os trabalhadores, terminar com 13 distritos, redistribuindo estas rotas para os j\u00e1 poucos carteiros lotados na unidade, o que torna invi\u00e1vel o trabalho de distribui\u00e7\u00e3o. A dire\u00e7\u00e3o do Sintect\/RJ denuncia que grande parte das encomendas, cerca de 900 mil objetos, foram transferidos para o CTC Cidade Nova. Eles continuam na luta por uma solu\u00e7\u00e3o com a dire\u00e7\u00e3o dos Correios, at\u00e9 agora sem sucesso.<\/p>\n<p>&nbsp;<\/p>\n<p><em>Bras\u00edlia, 14h05min<\/em><\/p>\n","protected":false},"excerpt":{"rendered":"<p>Trabalhadores dos Correios do CDD Botafogo entram amanh\u00e3 no 22o. dia de greve e v\u00e3o fazer grande ato no Largo do Machado A dire\u00e7\u00e3o do Sindicato dos Trabalhadores na Empresa Brasileira de Correios e Telegrafos do Rio de Janeiro (Sintect\/RJ) far\u00e1 amanh\u00e3 (11) um grande ato na pra\u00e7a do Largo do Machado, a partir das 8h, para chamar a aten\u00e7\u00e3o [&hellip;]<\/p>\n","protected":false},"author":27,"featured_media":0,"comment_status":"open","ping_status":"closed","sticky":false,"template":"","format":"standard","meta":{"footnotes":""},"categories":[1],"tags":[21,20,15,22,19],"class_list":["post-576","post","type-post","status-publish","format-standard","hentry","category-sem-categoria","tag-ato","tag-correios","tag-greve","tag-reivindicacao","tag-trabalhadores"],"_links":{"self":[{"href":"https:\/\/blogs.correiobraziliense.com.br\/servidor\/wp-json\/wp\/v2\/posts\/576","targetHints":{"allow":["GET"]}}],"collection":[{"href":"https:\/\/blogs.correiobraziliense.com.br\/servidor\/wp-json\/wp\/v2\/posts"}],"about":[{"href":"https:\/\/blogs.correiobraziliense.com.br\/servidor\/wp-json\/wp\/v2\/types\/post"}],"author":[{"embeddable":true,"href":"https:\/\/blogs.correiobraziliense.com.br\/servidor\/wp-json\/wp\/v2\/users\/27"}],"replies":[{"embeddable":true,"href":"https:\/\/blogs.correiobraziliense.com.br\/servidor\/wp-json\/wp\/v2\/comments?post=576"}],"version-history":[{"count":1,"href":"https:\/\/blogs.correiobraziliense.com.br\/servidor\/wp-json\/wp\/v2\/posts\/576\/revisions"}],"predecessor-version":[{"id":577,"href":"https:\/\/blogs.correiobraziliense.com.br\/servidor\/wp-json\/wp\/v2\/posts\/576\/revisions\/577"}],"wp:attachment":[{"href":"https:\/\/blogs.correiobraziliense.com.br\/servidor\/wp-json\/wp\/v2\/media?parent=576"}],"wp:term":[{"taxonomy":"category","embeddable":true,"href":"https:\/\/blogs.correiobraziliense.com.br\/servidor\/wp-json\/wp\/v2\/categories?post=576"},{"taxonomy":"post_tag","embeddable":true,"href":"https:\/\/blogs.correiobraziliense.com.br\/servidor\/wp-json\/wp\/v2\/tags?post=576"}],"curies":[{"name":"wp","href":"https:\/\/api.w.org\/{rel}","templated":true}]}}