{"id":5756,"date":"2017-07-01T08:30:59","date_gmt":"2017-07-01T11:30:59","guid":{"rendered":"https:\/\/blogs.correiobraziliense.com.br\/servidor\/?p=5756"},"modified":"2017-06-30T21:09:57","modified_gmt":"2017-07-01T00:09:57","slug":"fne-defende-retomada-de-obras-em-lancamento-da-frente-parlamentar-da-engenharia-no-df","status":"publish","type":"post","link":"https:\/\/blogs.correiobraziliense.com.br\/servidor\/fne-defende-retomada-de-obras-em-lancamento-da-frente-parlamentar-da-engenharia-no-df\/","title":{"rendered":"FNE defende retomada de obras em lan\u00e7amento  da Frente Parlamentar da Engenharia no DF"},"content":{"rendered":"<p>O Brasil tem cerca de 5 mil obras p\u00fablicas paradas em empreendimentos de grande, m\u00e9dio e pequeno porte. Se retomadas, ajudar\u00e3o na gera\u00e7\u00e3o de emprego e melhoria da infraestrutura. A avalia\u00e7\u00e3o foi feita pelo presidente da Federa\u00e7\u00e3o Nacional dos Engenheiros (FNE), Murilo Pinheiro, nesta <span id=\"OBJ_PREFIX_DWT936_com_zimbra_date\" class=\"Object\"><span id=\"OBJ_PREFIX_DWT943_com_zimbra_date\" class=\"Object\">quinta<\/span><\/span>-feira (29\/6), durante o lan\u00e7amento da Frente Parlamentar da Engenharia, Infraestrutura e Desenvolvimento na C\u00e2mara Legislativa do Distrito Federal.<\/p>\n<p>\u201cA Frente Parlamentar da Engenharia \u00e9 mais um passo na discuss\u00e3o da engenharia, em que profissionais da \u00e1rea tecnol\u00f3gica podem contribuir com ideias e propostas que ajudem o Parlamento e o Executivo a fazer do Brasil um Pais mais justo e com mais oportunidade\u201d, disse ele. E frisou: \u201cPoder\u00edamos come\u00e7ar dizendo que a coisa mais r\u00e1pida a ser feita seria terminar as obras paradas. Para o engenheiro, essa \u00e9 a obra mais cara.\u201d<\/p>\n<p><strong>Engenharia<\/strong> \u2013 A Frente Parlamentar Mista da Engenharia, Infraestrutura e Desenvolvimento foi criada em novembro no Congresso Nacional. Desde ent\u00e3o, a iniciativa vem sendo lan\u00e7ada nos diversos estados brasileiros.<\/p>\n<p>O objetivo \u00e9 refor\u00e7ar a import\u00e2ncia da engenharia no debate nacional sobre as condi\u00e7\u00f5es para a melhoria da infraestrutura e retomada das obras p\u00fablicas paradas e do crescimento.<\/p>\n<p>A mobiliza\u00e7\u00e3o nacional feita pela Frente Parlamentar tamb\u00e9m visa sensibilizar o governo a retroceder nas mudan\u00e7as feitas na pol\u00edtica de conte\u00fado nacional para os pr\u00f3ximos leil\u00f5es \u00e0 explora\u00e7\u00e3o e produ\u00e7\u00e3o de petr\u00f3leo e reverter a decis\u00e3o da Petrobras, que retomou as obras do Complexo Petroqu\u00edmico do Rio<span id=\"OBJ_PREFIX_DWT937_com_zimbra_date\" class=\"Object\"> de Janeiro<\/span> (Comperj) com licita\u00e7\u00f5es sem a participa\u00e7\u00e3o brasileira. \u201cForam convidadas 30 empresas estrangeiras e nenhuma empresa nacional. E enquanto isso, o Brasil continua perdendo empregos\u201d, disse o presidente da Frente Parlamentar Mista da Engenharia, deputado federal Ronaldo Lessa (PDT\/AL).<\/p>\n<p>Segundo ele, a Frente j\u00e1 est\u00e1 em atua\u00e7\u00e3o no Acre, Alagoas, Bahia e agora no Distrito Federal e essa mobiliza\u00e7\u00e3o chegar\u00e1 tamb\u00e9m a S\u00e3o Paulo e Paran\u00e1.<\/p>\n<p>Lessa lembrou que a Frente \u00e9 o f\u00f3rum adequado para a discuss\u00e3o sobre os temas de conte\u00fado nacional, sobre a import\u00e2ncia de se <span id=\"OBJ_PREFIX_DWT938_com_zimbra_date\" class=\"Object\"><span id=\"OBJ_PREFIX_DWT944_com_zimbra_date\" class=\"Object\">ter<\/span><\/span> uma carreira de Estado ligada \u00e0 engenharia e tamb\u00e9m o combate ao exerc\u00edcio ilegal da profiss\u00e3o<\/p>\n<p><strong>Distrito Federal<\/strong> \u2013 Na capital federal, a presidente da Frente Parlamentar ser\u00e1 a deputada distrital Celina Le\u00e3o (PPS). Ela disse que aproveitar\u00e1 a iniciativa para discutir projetos do Distrito Federal que tratam da lei de uso e ocupa\u00e7\u00e3o do solo e do tombamento de Bras\u00edlia. Observou ainda que a crise econ\u00f4mica afetou a constru\u00e7\u00e3o civil e isso provocou o fechamento de 40 mil postos de trabalho na cidade, o que deve ser objeto de debates e propostas para reverter esse quadro.<\/p>\n<p>&nbsp;<\/p>\n","protected":false},"excerpt":{"rendered":"<p>O Brasil tem cerca de 5 mil obras p\u00fablicas paradas em empreendimentos de grande, m\u00e9dio e pequeno porte. Se retomadas, ajudar\u00e3o na gera\u00e7\u00e3o de emprego e melhoria da infraestrutura. A avalia\u00e7\u00e3o foi feita pelo presidente da Federa\u00e7\u00e3o Nacional dos Engenheiros (FNE), Murilo Pinheiro, nesta quinta-feira (29\/6), durante o lan\u00e7amento da Frente Parlamentar da Engenharia, Infraestrutura e Desenvolvimento na C\u00e2mara Legislativa [&hellip;]<\/p>\n","protected":false},"author":27,"featured_media":0,"comment_status":"open","ping_status":"closed","sticky":false,"template":"","format":"standard","meta":{"footnotes":""},"categories":[2719],"tags":[6895,433,4756,2012,1317,2686,829,1633,716],"class_list":["post-5756","post","type-post","status-publish","format-standard","hentry","category-servidor","tag-camara-legislativa","tag-distrito-federal","tag-fne","tag-frente","tag-lancamento","tag-obras","tag-parlamentar","tag-publicas","tag-retomada"],"_links":{"self":[{"href":"https:\/\/blogs.correiobraziliense.com.br\/servidor\/wp-json\/wp\/v2\/posts\/5756","targetHints":{"allow":["GET"]}}],"collection":[{"href":"https:\/\/blogs.correiobraziliense.com.br\/servidor\/wp-json\/wp\/v2\/posts"}],"about":[{"href":"https:\/\/blogs.correiobraziliense.com.br\/servidor\/wp-json\/wp\/v2\/types\/post"}],"author":[{"embeddable":true,"href":"https:\/\/blogs.correiobraziliense.com.br\/servidor\/wp-json\/wp\/v2\/users\/27"}],"replies":[{"embeddable":true,"href":"https:\/\/blogs.correiobraziliense.com.br\/servidor\/wp-json\/wp\/v2\/comments?post=5756"}],"version-history":[{"count":1,"href":"https:\/\/blogs.correiobraziliense.com.br\/servidor\/wp-json\/wp\/v2\/posts\/5756\/revisions"}],"predecessor-version":[{"id":5757,"href":"https:\/\/blogs.correiobraziliense.com.br\/servidor\/wp-json\/wp\/v2\/posts\/5756\/revisions\/5757"}],"wp:attachment":[{"href":"https:\/\/blogs.correiobraziliense.com.br\/servidor\/wp-json\/wp\/v2\/media?parent=5756"}],"wp:term":[{"taxonomy":"category","embeddable":true,"href":"https:\/\/blogs.correiobraziliense.com.br\/servidor\/wp-json\/wp\/v2\/categories?post=5756"},{"taxonomy":"post_tag","embeddable":true,"href":"https:\/\/blogs.correiobraziliense.com.br\/servidor\/wp-json\/wp\/v2\/tags?post=5756"}],"curies":[{"name":"wp","href":"https:\/\/api.w.org\/{rel}","templated":true}]}}