{"id":5748,"date":"2017-06-30T16:02:00","date_gmt":"2017-06-30T19:02:00","guid":{"rendered":"https:\/\/blogs.correiobraziliense.com.br\/servidor\/?p=5748"},"modified":"2017-06-30T16:02:00","modified_gmt":"2017-06-30T19:02:00","slug":"inscricoes-para-processo-seletivo-de-itaipu-vao-ate-11-de-julho","status":"publish","type":"post","link":"https:\/\/blogs.correiobraziliense.com.br\/servidor\/inscricoes-para-processo-seletivo-de-itaipu-vao-ate-11-de-julho\/","title":{"rendered":"Inscri\u00e7\u00f5es para processo seletivo de Itaipu v\u00e3o at\u00e9 11 de julho"},"content":{"rendered":"<p><em>Vagas para 12 cargos, incluindo cadastro reserva. Candidatos devem se inscrever pela internet. Os sal\u00e1rios bases v\u00e3o de R$ 2.970,98 a R$ 6.602,74. Para as vagas de Foz do Igua\u00e7u ser\u00e1 acrescido 13% ao sal\u00e1rio base (adicional regional)<\/em><\/p>\n<p>As inscri\u00e7\u00f5es para o processo seletivo do lado brasileiro da Itaipu Binacional encerram em 11 de julho pela internet, no site do N\u00facleo de Concursos da Universidade Federal do Paran\u00e1 (www.nc.ufpr.br). O prazo para pagamento da taxa termina em 12 de julho.<\/p>\n<p>As vagas s\u00e3o para 12 cargos com forma\u00e7\u00e3o universit\u00e1ria, t\u00e9cnica e ensino m\u00e9dio, com reserva para Pessoas com Defici\u00eancia e Pessoas Negras. O processo seletivo tamb\u00e9m prev\u00ea o preenchimento de cadastro reserva. O valor da inscri\u00e7\u00e3o \u00e9 de R$ 60 (n\u00edvel m\u00e9dio), R$ 70 (n\u00edvel t\u00e9cnico) e R$ 90 (n\u00edvel superior).<\/p>\n<p>Os sal\u00e1rios bases v\u00e3o de R$ 2.970,98 a R$ 6.602,74. Para as vagas de Foz do Igua\u00e7u ser\u00e1 acrescido 13% ao sal\u00e1rio base (adicional regional).<\/p>\n<p>A pol\u00edtica de benef\u00edcios da Itaipu, vigente na atualidade, oferece plano de sa\u00fade extensivo aos dependentes; previd\u00eancia complementar com manuten\u00e7\u00e3o do plano de sa\u00fade na aposentadoria; pol\u00edtica educacional para o(a) empregado(a) e seus dependentes; creche para filhos e filhas; e aux\u00edlio alimenta\u00e7\u00e3o no valor de R$ 1.129.<\/p>\n<p>Para os cargos de n\u00edvel universit\u00e1rio, as oportunidades s\u00e3o para profissionais formados em Administra\u00e7\u00e3o; Computa\u00e7\u00e3o ou Inform\u00e1tica; Engenharia Cartogr\u00e1fica e de Agrimensura; Comunica\u00e7\u00e3o Social \u2013 Habilita\u00e7\u00e3o em Publicidade e Propaganda e Computa\u00e7\u00e3o e Inform\u00e1tica (\u00e1rea de atua\u00e7\u00e3o Geoprocessamento).<\/p>\n<p>Para o n\u00edvel t\u00e9cnico, as vagas s\u00e3o para T\u00e9cnico em Eletr\u00f4nica ou Eletroeletr\u00f4nica ou Mecatr\u00f4nica; T\u00e9cnico em El\u00e9trica ou Eletrot\u00e9cnica ou Eletromec\u00e2nica (\u00e1reas de atua\u00e7\u00e3o: opera\u00e7\u00e3o de usina e manuten\u00e7\u00e3o el\u00e9trica); T\u00e9cnico em Saneamento ou T\u00e9cnico Qu\u00edmico e T\u00e9cnico com habilita\u00e7\u00e3o para realizar atividades t\u00e9cnicas de Topografia ou Geod\u00e9sia ou Cartografia ou Agrimensura ou Geomensura.<\/p>\n<p>Para o cargo de n\u00edvel suporte, a vaga \u00e9 para forma\u00e7\u00e3o de n\u00edvel m\u00e9dio.<\/p>\n<p>O edital deve ser consultado no site do N\u00facleo de Concursos da UFPR. Outra forma de acesso \u00e9 via a p\u00e1gina de Itaipu, no endere\u00e7o https:\/\/www.itaipu.gov.br\/processoseletivo\/processosseletivos (processo seletivo 1008\/UFPR).<\/p>\n<p><strong>A Itaipu<\/strong><\/p>\n<p>Com 20 unidades geradoras e 14.000 MW de pot\u00eancia instalada, a Itaipu Binacional \u00e9 l\u00edder mundial na gera\u00e7\u00e3o de energia limpa e renov\u00e1vel, tendo produzido, desde 1984, mais de 2,4 bilh\u00f5es de MWh. Em 2016, a usina retomou a lideran\u00e7a mundial em gera\u00e7\u00e3o de energia, com a marca de 103.098.366 MWh gerados. A hidrel\u00e9trica \u00e9 respons\u00e1vel pelo abastecimento de 17% de toda a energia consumida pelo Brasil e de 76% do Paraguai.<\/p>\n","protected":false},"excerpt":{"rendered":"<p>Vagas para 12 cargos, incluindo cadastro reserva. Candidatos devem se inscrever pela internet. Os sal\u00e1rios bases v\u00e3o de R$ 2.970,98 a R$ 6.602,74. Para as vagas de Foz do Igua\u00e7u ser\u00e1 acrescido 13% ao sal\u00e1rio base (adicional regional) As inscri\u00e7\u00f5es para o processo seletivo do lado brasileiro da Itaipu Binacional encerram em 11 de julho pela internet, no site do [&hellip;]<\/p>\n","protected":false},"author":27,"featured_media":0,"comment_status":"open","ping_status":"closed","sticky":false,"template":"","format":"standard","meta":{"footnotes":""},"categories":[2719],"tags":[86,178,92,7071,781,2882,7070,151,1157,702,30,1158,4007,5196],"class_list":["post-5748","post","type-post","status-publish","format-standard","hentry","category-servidor","tag-cadastro","tag-candidatos","tag-edital","tag-foz-do-iguacu","tag-inscricoes","tag-internet","tag-itaipu","tag-pagamento","tag-processo","tag-reserva","tag-salarios","tag-seletivo","tag-taxa","tag-ufpr"],"_links":{"self":[{"href":"https:\/\/blogs.correiobraziliense.com.br\/servidor\/wp-json\/wp\/v2\/posts\/5748","targetHints":{"allow":["GET"]}}],"collection":[{"href":"https:\/\/blogs.correiobraziliense.com.br\/servidor\/wp-json\/wp\/v2\/posts"}],"about":[{"href":"https:\/\/blogs.correiobraziliense.com.br\/servidor\/wp-json\/wp\/v2\/types\/post"}],"author":[{"embeddable":true,"href":"https:\/\/blogs.correiobraziliense.com.br\/servidor\/wp-json\/wp\/v2\/users\/27"}],"replies":[{"embeddable":true,"href":"https:\/\/blogs.correiobraziliense.com.br\/servidor\/wp-json\/wp\/v2\/comments?post=5748"}],"version-history":[{"count":1,"href":"https:\/\/blogs.correiobraziliense.com.br\/servidor\/wp-json\/wp\/v2\/posts\/5748\/revisions"}],"predecessor-version":[{"id":5749,"href":"https:\/\/blogs.correiobraziliense.com.br\/servidor\/wp-json\/wp\/v2\/posts\/5748\/revisions\/5749"}],"wp:attachment":[{"href":"https:\/\/blogs.correiobraziliense.com.br\/servidor\/wp-json\/wp\/v2\/media?parent=5748"}],"wp:term":[{"taxonomy":"category","embeddable":true,"href":"https:\/\/blogs.correiobraziliense.com.br\/servidor\/wp-json\/wp\/v2\/categories?post=5748"},{"taxonomy":"post_tag","embeddable":true,"href":"https:\/\/blogs.correiobraziliense.com.br\/servidor\/wp-json\/wp\/v2\/tags?post=5748"}],"curies":[{"name":"wp","href":"https:\/\/api.w.org\/{rel}","templated":true}]}}