{"id":5744,"date":"2017-06-30T15:25:32","date_gmt":"2017-06-30T18:25:32","guid":{"rendered":"https:\/\/blogs.correiobraziliense.com.br\/servidor\/?p=5744"},"modified":"2017-06-30T15:25:32","modified_gmt":"2017-06-30T18:25:32","slug":"fecomerciosp-alerta-para-os-impactos-negativos-na-economia-em-decorrencia-de-greves-e-paralisacoes","status":"publish","type":"post","link":"https:\/\/blogs.correiobraziliense.com.br\/servidor\/fecomerciosp-alerta-para-os-impactos-negativos-na-economia-em-decorrencia-de-greves-e-paralisacoes\/","title":{"rendered":"FecomercioSP alerta para os impactos negativos na economia em decorr\u00eancia de greves e paralisa\u00e7\u00f5es"},"content":{"rendered":"<p>A FecomercioSP n\u00e3o reconhece a paralisa\u00e7\u00e3o de atividades que impactem diretamente \u00a0o dia \u00fatil de trabalho da popula\u00e7\u00e3o.<\/p>\n<p>A Entidade chama a aten\u00e7\u00e3o para o momento econ\u00f4mico dif\u00edcil que o pa\u00eds atravessa, ap\u00f3s tr\u00eas anos de recess\u00e3o, resultando em mais de 13 milh\u00f5es de desempregados, n\u00e3o sendo mais admiss\u00edveis paralisa\u00e7\u00f5es que tragam custos \u00e0s empresas ou dificuldades de deslocamento de trabalhadores.<\/p>\n<p>No caso espec\u00edfico do setor do com\u00e9rcio, o faturamento di\u00e1rio na capital paulista \u00e9 de cerca de R$ 500 milh\u00f5es; no Estado \u00e9 de R$ 1,6 bilh\u00e3o; e no pa\u00eds de mais de R$ 5 bilh\u00f5es. Esse \u00e9 o tamanho da movimenta\u00e7\u00e3o econ\u00f4mica &#8211; apenas no com\u00e9rcio \u2013 comprometida pelos impactos negativos causados por esse tipo de manifesta\u00e7\u00e3o, gerando ainda mais preocupa\u00e7\u00e3o e inseguran\u00e7a com rela\u00e7\u00e3o \u00e0 gera\u00e7\u00e3o de renda e empregos, por meio do desenvolvimento econ\u00f4mico.<\/p>\n","protected":false},"excerpt":{"rendered":"<p>A FecomercioSP n\u00e3o reconhece a paralisa\u00e7\u00e3o de atividades que impactem diretamente \u00a0o dia \u00fatil de trabalho da popula\u00e7\u00e3o. A Entidade chama a aten\u00e7\u00e3o para o momento econ\u00f4mico dif\u00edcil que o pa\u00eds atravessa, ap\u00f3s tr\u00eas anos de recess\u00e3o, resultando em mais de 13 milh\u00f5es de desempregados, n\u00e3o sendo mais admiss\u00edveis paralisa\u00e7\u00f5es que tragam custos \u00e0s empresas ou dificuldades de deslocamento de [&hellip;]<\/p>\n","protected":false},"author":27,"featured_media":0,"comment_status":"open","ping_status":"closed","sticky":false,"template":"","format":"standard","meta":{"footnotes":""},"categories":[2719],"tags":[5943,88,4631,554,4523,7069,498,545,2595],"class_list":["post-5744","post","type-post","status-publish","format-standard","hentry","category-servidor","tag-desempregados","tag-economia","tag-fecomerciosp","tag-greves","tag-impactos","tag-negativos","tag-paralisacoes","tag-populacao","tag-recessao"],"_links":{"self":[{"href":"https:\/\/blogs.correiobraziliense.com.br\/servidor\/wp-json\/wp\/v2\/posts\/5744","targetHints":{"allow":["GET"]}}],"collection":[{"href":"https:\/\/blogs.correiobraziliense.com.br\/servidor\/wp-json\/wp\/v2\/posts"}],"about":[{"href":"https:\/\/blogs.correiobraziliense.com.br\/servidor\/wp-json\/wp\/v2\/types\/post"}],"author":[{"embeddable":true,"href":"https:\/\/blogs.correiobraziliense.com.br\/servidor\/wp-json\/wp\/v2\/users\/27"}],"replies":[{"embeddable":true,"href":"https:\/\/blogs.correiobraziliense.com.br\/servidor\/wp-json\/wp\/v2\/comments?post=5744"}],"version-history":[{"count":1,"href":"https:\/\/blogs.correiobraziliense.com.br\/servidor\/wp-json\/wp\/v2\/posts\/5744\/revisions"}],"predecessor-version":[{"id":5745,"href":"https:\/\/blogs.correiobraziliense.com.br\/servidor\/wp-json\/wp\/v2\/posts\/5744\/revisions\/5745"}],"wp:attachment":[{"href":"https:\/\/blogs.correiobraziliense.com.br\/servidor\/wp-json\/wp\/v2\/media?parent=5744"}],"wp:term":[{"taxonomy":"category","embeddable":true,"href":"https:\/\/blogs.correiobraziliense.com.br\/servidor\/wp-json\/wp\/v2\/categories?post=5744"},{"taxonomy":"post_tag","embeddable":true,"href":"https:\/\/blogs.correiobraziliense.com.br\/servidor\/wp-json\/wp\/v2\/tags?post=5744"}],"curies":[{"name":"wp","href":"https:\/\/api.w.org\/{rel}","templated":true}]}}