{"id":5742,"date":"2017-06-30T15:23:20","date_gmt":"2017-06-30T18:23:20","guid":{"rendered":"https:\/\/blogs.correiobraziliense.com.br\/servidor\/?p=5742"},"modified":"2017-06-30T15:23:20","modified_gmt":"2017-06-30T18:23:20","slug":"greve-comunicado-da-petrobras","status":"publish","type":"post","link":"https:\/\/blogs.correiobraziliense.com.br\/servidor\/greve-comunicado-da-petrobras\/","title":{"rendered":"Greve &#8211; Comunicado da Petrobras"},"content":{"rendered":"<p>Em fun\u00e7\u00e3o da mobiliza\u00e7\u00e3o desta sexta-feira (30\/6), a Petrobras informa que as atividades da empresa est\u00e3o mantidas sem preju\u00edzo \u00e0 produ\u00e7\u00e3o, estando preservada a seguran\u00e7a dos trabalhadores e das instala\u00e7\u00f5es.<\/p>\n<p>&#8220;N\u00f3s estamos preparados. Temos equipes de conting\u00eancia e o abastecimento est\u00e1 completamente normalizado. Tamb\u00e9m n\u00e3o h\u00e1 nenhum impacto nas plataformas&#8221;, afirmou o diretor de Refino e G\u00e1s Natural da Petrobras, Jorge Celestino, em entrevista coletiva realizada hoje (30\/6), no Rio de Janeiro.<\/p>\n","protected":false},"excerpt":{"rendered":"<p>Em fun\u00e7\u00e3o da mobiliza\u00e7\u00e3o desta sexta-feira (30\/6), a Petrobras informa que as atividades da empresa est\u00e3o mantidas sem preju\u00edzo \u00e0 produ\u00e7\u00e3o, estando preservada a seguran\u00e7a dos trabalhadores e das instala\u00e7\u00f5es. &#8220;N\u00f3s estamos preparados. Temos equipes de conting\u00eancia e o abastecimento est\u00e1 completamente normalizado. Tamb\u00e9m n\u00e3o h\u00e1 nenhum impacto nas plataformas&#8221;, afirmou o diretor de Refino e G\u00e1s Natural da Petrobras, [&hellip;]<\/p>\n","protected":false},"author":27,"featured_media":0,"comment_status":"open","ping_status":"closed","sticky":false,"template":"","format":"standard","meta":{"footnotes":""},"categories":[2719],"tags":[6643,7065,4984,7059,15,7067,7066,7068,201,2372,208],"class_list":["post-5742","post","type-post","status-publish","format-standard","hentry","category-servidor","tag-abastecimento","tag-ativiades","tag-comunicado","tag-contingencia","tag-greve","tag-instalacoes","tag-mantidas","tag-normalizado","tag-petrobras","tag-producao","tag-seguranca"],"_links":{"self":[{"href":"https:\/\/blogs.correiobraziliense.com.br\/servidor\/wp-json\/wp\/v2\/posts\/5742","targetHints":{"allow":["GET"]}}],"collection":[{"href":"https:\/\/blogs.correiobraziliense.com.br\/servidor\/wp-json\/wp\/v2\/posts"}],"about":[{"href":"https:\/\/blogs.correiobraziliense.com.br\/servidor\/wp-json\/wp\/v2\/types\/post"}],"author":[{"embeddable":true,"href":"https:\/\/blogs.correiobraziliense.com.br\/servidor\/wp-json\/wp\/v2\/users\/27"}],"replies":[{"embeddable":true,"href":"https:\/\/blogs.correiobraziliense.com.br\/servidor\/wp-json\/wp\/v2\/comments?post=5742"}],"version-history":[{"count":1,"href":"https:\/\/blogs.correiobraziliense.com.br\/servidor\/wp-json\/wp\/v2\/posts\/5742\/revisions"}],"predecessor-version":[{"id":5743,"href":"https:\/\/blogs.correiobraziliense.com.br\/servidor\/wp-json\/wp\/v2\/posts\/5742\/revisions\/5743"}],"wp:attachment":[{"href":"https:\/\/blogs.correiobraziliense.com.br\/servidor\/wp-json\/wp\/v2\/media?parent=5742"}],"wp:term":[{"taxonomy":"category","embeddable":true,"href":"https:\/\/blogs.correiobraziliense.com.br\/servidor\/wp-json\/wp\/v2\/categories?post=5742"},{"taxonomy":"post_tag","embeddable":true,"href":"https:\/\/blogs.correiobraziliense.com.br\/servidor\/wp-json\/wp\/v2\/tags?post=5742"}],"curies":[{"name":"wp","href":"https:\/\/api.w.org\/{rel}","templated":true}]}}