{"id":5739,"date":"2017-06-30T15:05:16","date_gmt":"2017-06-30T18:05:16","guid":{"rendered":"https:\/\/blogs.correiobraziliense.com.br\/servidor\/?p=5739"},"modified":"2017-06-30T15:05:16","modified_gmt":"2017-06-30T18:05:16","slug":"petrobras-aprova-revisao-da-politica-de-precos-de-diesel-e-gasolina","status":"publish","type":"post","link":"https:\/\/blogs.correiobraziliense.com.br\/servidor\/petrobras-aprova-revisao-da-politica-de-precos-de-diesel-e-gasolina\/","title":{"rendered":"Petrobras aprova revis\u00e3o da pol\u00edtica de pre\u00e7os de diesel e gasolina"},"content":{"rendered":"<p>A Diretoria Executiva da Petrobras aprovou, ontem (29\/6), a revis\u00e3o da pol\u00edtica de pre\u00e7os de diesel e gasolina comercializados em suas refinarias, visando aumentar a frequ\u00eancia de ajustes nos pre\u00e7os, que passar\u00e1 a vigorar no dia 03\/07\/2017.\u00a0 A partir desta data, a \u00e1rea t\u00e9cnica de marketing e comercializa\u00e7\u00e3o da companhia ter\u00e1 delega\u00e7\u00e3o para realizar ajustes nos pre\u00e7os, a qualquer momento, inclusive diariamente, desde que os reajustes acumulados por produto estejam, na m\u00e9dia Brasil, dentro de uma faixa determinada (-7% a +7%), respeitando a margem estabelecida pelo Grupo Executivo de Mercado e Pre\u00e7os (GEMP). Qualquer altera\u00e7\u00e3o fora dessa faixa ter\u00e1 que ser autorizada pelo GEMP.<\/p>\n<p>A avalia\u00e7\u00e3o feita pelo GEMP, composto pelo Presidente da Petrobras, Diretor Executivo de Refino e G\u00e1s Natural e Diretor Executivo Financeiro e de Relacionamento com Investidores, \u00e9 de que os ajustes que vinham sendo praticados, desde o an\u00fancio da nova pol\u00edtica em outubro de 2016, n\u00e3o t\u00eam sido suficientes para acompanhar a volatilidade crescente da taxa de c\u00e2mbio e das cota\u00e7\u00f5es de petr\u00f3leo e derivados, recomendando uma maior frequ\u00eancia nos ajustes.<\/p>\n<p>A revis\u00e3o da pol\u00edtica aprovada permitir\u00e1 maior ader\u00eancia dos pre\u00e7os do mercado dom\u00e9stico ao mercado internacional no curto prazo e possibilitar\u00e1 a companhia competir de maneira mais \u00e1gil e eficiente.<\/p>\n<p>\u00c9 importante ressaltar que os princ\u00edpios da pol\u00edtica de pre\u00e7os, aprovada em outubro de 2016, permanecem inalterados, levando em considera\u00e7\u00e3o o pre\u00e7o de paridade internacional (PPI), margens para remunera\u00e7\u00e3o dos riscos inerentes \u00e0 opera\u00e7\u00e3o e o n\u00edvel de participa\u00e7\u00e3o no mercado.<\/p>\n<p>Futuros ajustes de pre\u00e7os de combust\u00edveis passar\u00e3o a ser divulgados atrav\u00e9s da Internet, no site da companhia (<a href=\"http:\/\/www.petrobras.com.br\/precosdistribuidoras\" target=\"_blank\">www.petrobras.com.br\/precosdistribuidoras<\/a>) e nos canais internos de comunica\u00e7\u00e3o aos clientes.<\/p>\n","protected":false},"excerpt":{"rendered":"<p>A Diretoria Executiva da Petrobras aprovou, ontem (29\/6), a revis\u00e3o da pol\u00edtica de pre\u00e7os de diesel e gasolina comercializados em suas refinarias, visando aumentar a frequ\u00eancia de ajustes nos pre\u00e7os, que passar\u00e1 a vigorar no dia 03\/07\/2017.\u00a0 A partir desta data, a \u00e1rea t\u00e9cnica de marketing e comercializa\u00e7\u00e3o da companhia ter\u00e1 delega\u00e7\u00e3o para realizar ajustes nos pre\u00e7os, a qualquer momento, [&hellip;]<\/p>\n","protected":false},"author":27,"featured_media":0,"comment_status":"open","ping_status":"closed","sticky":false,"template":"","format":"standard","meta":{"footnotes":""},"categories":[2719],"tags":[4181,5461,3912,3913,1071,489,201,1415,3911,5670,2135],"class_list":["post-5739","post","type-post","status-publish","format-standard","hentry","category-servidor","tag-ajustes","tag-comercializacao","tag-diesel","tag-gasolina","tag-internacional","tag-mercado","tag-petrobras","tag-politica","tag-precos","tag-refinarias","tag-revisao"],"_links":{"self":[{"href":"https:\/\/blogs.correiobraziliense.com.br\/servidor\/wp-json\/wp\/v2\/posts\/5739","targetHints":{"allow":["GET"]}}],"collection":[{"href":"https:\/\/blogs.correiobraziliense.com.br\/servidor\/wp-json\/wp\/v2\/posts"}],"about":[{"href":"https:\/\/blogs.correiobraziliense.com.br\/servidor\/wp-json\/wp\/v2\/types\/post"}],"author":[{"embeddable":true,"href":"https:\/\/blogs.correiobraziliense.com.br\/servidor\/wp-json\/wp\/v2\/users\/27"}],"replies":[{"embeddable":true,"href":"https:\/\/blogs.correiobraziliense.com.br\/servidor\/wp-json\/wp\/v2\/comments?post=5739"}],"version-history":[{"count":1,"href":"https:\/\/blogs.correiobraziliense.com.br\/servidor\/wp-json\/wp\/v2\/posts\/5739\/revisions"}],"predecessor-version":[{"id":5740,"href":"https:\/\/blogs.correiobraziliense.com.br\/servidor\/wp-json\/wp\/v2\/posts\/5739\/revisions\/5740"}],"wp:attachment":[{"href":"https:\/\/blogs.correiobraziliense.com.br\/servidor\/wp-json\/wp\/v2\/media?parent=5739"}],"wp:term":[{"taxonomy":"category","embeddable":true,"href":"https:\/\/blogs.correiobraziliense.com.br\/servidor\/wp-json\/wp\/v2\/categories?post=5739"},{"taxonomy":"post_tag","embeddable":true,"href":"https:\/\/blogs.correiobraziliense.com.br\/servidor\/wp-json\/wp\/v2\/tags?post=5739"}],"curies":[{"name":"wp","href":"https:\/\/api.w.org\/{rel}","templated":true}]}}