{"id":5727,"date":"2017-06-30T10:42:41","date_gmt":"2017-06-30T13:42:41","guid":{"rendered":"https:\/\/blogs.correiobraziliense.com.br\/servidor\/?p=5727"},"modified":"2017-06-30T10:42:41","modified_gmt":"2017-06-30T13:42:41","slug":"pressoes-contra-greve","status":"publish","type":"post","link":"https:\/\/blogs.correiobraziliense.com.br\/servidor\/pressoes-contra-greve\/","title":{"rendered":"Press\u00f5es contra greve"},"content":{"rendered":"<p>As press\u00f5es para impedir que os trabalhadores de transportes coletivos cruzem totalmente os bra\u00e7os na greve geral desta sexta-feira, convocada pelas centrais sindicais, tomaram for\u00e7a ontem, em v\u00e1rios estados do pa\u00eds. Em Bras\u00edlia, a Uni\u00e3o entrou com uma a\u00e7\u00e3o contra os sindicatos dos Trabalhadores de Transportes Urbanos (Sinttrater\/DF) e de Transportes Metrovi\u00e1rios (Sindmetro\/DF), para conseguir um \u201cprovimento de urg\u00eancia\u201d e evitar greves e paralisa\u00e7\u00f5es, alegando que a \u201cdescontinuidade na presta\u00e7\u00e3o de servi\u00e7os p\u00fablicos federais essenciais no Distrito Federal\u201d prejudicaria a circula\u00e7\u00e3o local, \u201chaja vista ser (Bras\u00edlia) sede de diversos \u00f3rg\u00e3os federais nas tr\u00eas esferas de poder\u201d.<\/p>\n<p>O juiz Renato Coelho Borelli, na 20\u00aa Vara C\u00edvel do DF, acolheu parcialmente o pedido. Determinou que rodovi\u00e1rios e metrovi\u00e1rios, no \u201cdia 30 de junho de 2017, amanh\u00e3, garantam o funcionamento m\u00ednimo de 30% de suas frotas, sob pena de multa de R$ 2 milh\u00f5es para cada sindicato\u201d. At\u00e9 o final da tarde de ontem, no entanto, o Sinttrater n\u00e3o havia sido notificado, segundo Marco J\u00fanior Duarte, diretor do sindicato. \u201cDecis\u00e3o judicial se cumpre\u201d, assinalou.<\/p>\n<p>\u201cA \u00fanica sa\u00edda para impedir que o plen\u00e1rio do Senado aprove a reforma \u00e9 parar o Brasil, ocupar as ruas e o Congresso Nacional. A classe trabalhadora corre o risco de ser submetida a condi\u00e7\u00f5es semelhantes a que t\u00ednhamos na \u00e9poca da escravid\u00e3o e isso n\u00e3o vamos aceitar\u201d, disse Vagner Freitas, presidente da Central \u00danica dos Trabalhadores (CUT). L\u00edderes sindicais afirmam que o governo teme a indigna\u00e7\u00e3o crescente da sociedade, ap\u00f3s a aprova\u00e7\u00e3o no Senado do parecer favor\u00e1vel \u00e0 reforma trabalhista, \u201cque provocar\u00e1 um retrocesso de mais de 80 anos na legisla\u00e7\u00e3o brasileira\u201d.<\/p>\n<p>As manifesta\u00e7\u00f5es e atos de protestos come\u00e7am \u00e0s 7h e v\u00e3o at\u00e9 as 19h30, dependendo do Estado. As centrais sindicais (For\u00e7a Sindical, UGT, CTB, Nova Central, CSB, CGTB e Conlutas) far\u00e3o, em S\u00e3o Paulo, um ato em frente \u00e0 Superintend\u00eancia Regional do Trabalho, a partir das 11 horas, e participar\u00e3o de protestos e caminhadas em todo o pa\u00eds.<\/p>\n","protected":false},"excerpt":{"rendered":"<p>As press\u00f5es para impedir que os trabalhadores de transportes coletivos cruzem totalmente os bra\u00e7os na greve geral desta sexta-feira, convocada pelas centrais sindicais, tomaram for\u00e7a ontem, em v\u00e1rios estados do pa\u00eds. Em Bras\u00edlia, a Uni\u00e3o entrou com uma a\u00e7\u00e3o contra os sindicatos dos Trabalhadores de Transportes Urbanos (Sinttrater\/DF) e de Transportes Metrovi\u00e1rios (Sindmetro\/DF), para conseguir um \u201cprovimento de urg\u00eancia\u201d e [&hellip;]<\/p>\n","protected":false},"author":27,"featured_media":0,"comment_status":"open","ping_status":"closed","sticky":false,"template":"","format":"standard","meta":{"footnotes":""},"categories":[2719],"tags":[1259,100,15,260,7055,1100,5766,696,4158,330],"class_list":["post-5727","post","type-post","status-publish","format-standard","hentry","category-servidor","tag-centrais","tag-congresso","tag-greve","tag-justica","tag-metroviarios","tag-pressoes","tag-rodoviarios","tag-senado","tag-transportes","tag-uniao"],"_links":{"self":[{"href":"https:\/\/blogs.correiobraziliense.com.br\/servidor\/wp-json\/wp\/v2\/posts\/5727","targetHints":{"allow":["GET"]}}],"collection":[{"href":"https:\/\/blogs.correiobraziliense.com.br\/servidor\/wp-json\/wp\/v2\/posts"}],"about":[{"href":"https:\/\/blogs.correiobraziliense.com.br\/servidor\/wp-json\/wp\/v2\/types\/post"}],"author":[{"embeddable":true,"href":"https:\/\/blogs.correiobraziliense.com.br\/servidor\/wp-json\/wp\/v2\/users\/27"}],"replies":[{"embeddable":true,"href":"https:\/\/blogs.correiobraziliense.com.br\/servidor\/wp-json\/wp\/v2\/comments?post=5727"}],"version-history":[{"count":1,"href":"https:\/\/blogs.correiobraziliense.com.br\/servidor\/wp-json\/wp\/v2\/posts\/5727\/revisions"}],"predecessor-version":[{"id":5728,"href":"https:\/\/blogs.correiobraziliense.com.br\/servidor\/wp-json\/wp\/v2\/posts\/5727\/revisions\/5728"}],"wp:attachment":[{"href":"https:\/\/blogs.correiobraziliense.com.br\/servidor\/wp-json\/wp\/v2\/media?parent=5727"}],"wp:term":[{"taxonomy":"category","embeddable":true,"href":"https:\/\/blogs.correiobraziliense.com.br\/servidor\/wp-json\/wp\/v2\/categories?post=5727"},{"taxonomy":"post_tag","embeddable":true,"href":"https:\/\/blogs.correiobraziliense.com.br\/servidor\/wp-json\/wp\/v2\/tags?post=5727"}],"curies":[{"name":"wp","href":"https:\/\/api.w.org\/{rel}","templated":true}]}}