{"id":5713,"date":"2017-06-28T22:30:42","date_gmt":"2017-06-29T01:30:42","guid":{"rendered":"https:\/\/blogs.correiobraziliense.com.br\/servidor\/?p=5713"},"modified":"2017-06-28T20:38:00","modified_gmt":"2017-06-28T23:38:00","slug":"exoneracao-de-servidores-estaveis-volta-ao-debate","status":"publish","type":"post","link":"https:\/\/blogs.correiobraziliense.com.br\/servidor\/exoneracao-de-servidores-estaveis-volta-ao-debate\/","title":{"rendered":"Exonera\u00e7\u00e3o de servidores est\u00e1veis volta ao debate"},"content":{"rendered":"<p>A proposta (PLS 116\/2017 \u2013 Complementar) que autoriza a demiss\u00e3o de servidor p\u00fablico por insufici\u00eancia de desempenho volta a ser mencionada no Congresso Nacional. O senador H\u00e9lio Jos\u00e9 (PMDB-DF), presidente da Comiss\u00e3o Senado do Futuro, apresentou requerimento para discuss\u00e3o do tema. O projeto, de autoria da senadora Maria do Carmo Alves (DEM-SE), est\u00e1 aberto a consulta p\u00fablica. A vota\u00e7\u00e3o popular est\u00e1 apertada, com leve vantagem para os servidores. At\u00e9 o momento, 11.411 participantes s\u00e3o contra a dispensa dos est\u00e1veis e 11.296 internautas que entraram no portal e-Cidadania est\u00e3o a favor.<\/p>\n<p>O debate faz parte da miss\u00e3o da Comiss\u00e3o Senado do Futuro, de discutir por meio de um ciclo de debates os \u201cgrandes temas e o futuro do pa\u00eds\u201d, entre eles os rumos das carreiras dos servidores. O projeto est\u00e1 prestes a ser examinado pela Comiss\u00e3o de Constitui\u00e7\u00e3o, Justi\u00e7a e Cidadania (CCJ), cujo relator \u00e9 o senador Lasier Martins (PSD-RS). Se aprovada a proposta, servidores p\u00fablicos municipais, estaduais e federais ter\u00e3o seu desempenho aferido semestralmente. Caso recebam notas inferiores a 30% da pontua\u00e7\u00e3o m\u00e1xima por quatro avalia\u00e7\u00f5es consecutivas, ser\u00e3o exonerados. Tamb\u00e9m perder\u00e1 o cargo aquele que tiver desempenho inferior a 50% em cinco das \u00faltimas dez avalia\u00e7\u00f5es.<\/p>\n<p>O projeto garante o direito aos servidores de pedir a reconsidera\u00e7\u00e3o das notas e de apresentar recurso ao \u00f3rg\u00e3o m\u00e1ximo de gest\u00e3o de recursos humanos da institui\u00e7\u00e3o em que trabalha. Eventual exonera\u00e7\u00e3o ocorrer\u00e1 apenas ap\u00f3s processo administrativo, depois das primeiras avalia\u00e7\u00f5es negativas, para auxiliar o avaliado a identificar as causas da insufici\u00eancia de desempenho e superar as dificuldades.<\/p>\n<p>A autora do projeto, senadora Maria do Carmo, na justificativa, ressalta que n\u00e3o se trata de punir os bons servidores, que merecem todo o apoio legal. \u201cTrata-se de modificar o comportamento daqueles agentes p\u00fablicos que n\u00e3o apresentam desempenho suficiente, especificamente daqueles que recebem ajuda da chefia imediata e do \u00f3rg\u00e3o de recursos humanos da sua institui\u00e7\u00e3o, mas, mesmo assim, optam por permanecer negligentes\u201d, informou.<\/p>\n<p>T\u00e3o logo o projeto foi divulgado, houve severas cr\u00edticas \u00e0 estrat\u00e9gia de exonerar est\u00e1veis. Foi divulgado, inclusive, que a dispensa poderia ser aplicada \u00e0 pr\u00f3pria autora do PLS 116\/2017, que j\u00e1 est\u00e1 no cargo h\u00e1 quase 20 anos e se ausentou em 80% das vota\u00e7\u00f5es, em 2013. Ela deixou de votar 140 proposi\u00e7\u00f5es examinadas nos dias em que ela havia registrado presen\u00e7a. Raramente \u00e9 vista em plen\u00e1rio, onde pouco fala e pouco vota, dizem as den\u00fancia.<\/p>\n<p>O assunto n\u00e3o \u00e9 novo e cada vez que \u00e9 discutido causa pol\u00eamica e press\u00e3o conjunta de praticamente todas as categorias de servidores. No final do s\u00e9culo passado, o PLP 248\/1998, j\u00e1 tentava disciplinar \u201ca perda de cargo p\u00fablico por insufici\u00eancia de desempenho do servidor p\u00fablico est\u00e1vel\u201d. Empacou em 2007 na Comiss\u00e3o de Trabalho, Administra\u00e7\u00e3o e Servi\u00e7o P\u00fablico da C\u00e2mara.<\/p>\n","protected":false},"excerpt":{"rendered":"<p>A proposta (PLS 116\/2017 \u2013 Complementar) que autoriza a demiss\u00e3o de servidor p\u00fablico por insufici\u00eancia de desempenho volta a ser mencionada no Congresso Nacional. O senador H\u00e9lio Jos\u00e9 (PMDB-DF), presidente da Comiss\u00e3o Senado do Futuro, apresentou requerimento para discuss\u00e3o do tema. O projeto, de autoria da senadora Maria do Carmo Alves (DEM-SE), est\u00e1 aberto a consulta p\u00fablica. A vota\u00e7\u00e3o popular [&hellip;]<\/p>\n","protected":false},"author":27,"featured_media":0,"comment_status":"open","ping_status":"closed","sticky":false,"template":"","format":"standard","meta":{"footnotes":""},"categories":[2719],"tags":[7016,7015,300,2187,100,1017,2303,7013,908,6982,7017,1968,7014,2775,1157,101,2441,58],"class_list":["post-5713","post","type-post","status-publish","format-standard","hentry","category-servidor","tag-administrativo","tag-avaliacoes","tag-cargo","tag-ccj","tag-congresso","tag-demissao","tag-desempenho","tag-estaveis","tag-exoneracao","tag-insuficiencia","tag-negligentes","tag-notas","tag-pls-1162017","tag-pontuacao","tag-processo","tag-projeto","tag-recurso","tag-servidores"],"_links":{"self":[{"href":"https:\/\/blogs.correiobraziliense.com.br\/servidor\/wp-json\/wp\/v2\/posts\/5713","targetHints":{"allow":["GET"]}}],"collection":[{"href":"https:\/\/blogs.correiobraziliense.com.br\/servidor\/wp-json\/wp\/v2\/posts"}],"about":[{"href":"https:\/\/blogs.correiobraziliense.com.br\/servidor\/wp-json\/wp\/v2\/types\/post"}],"author":[{"embeddable":true,"href":"https:\/\/blogs.correiobraziliense.com.br\/servidor\/wp-json\/wp\/v2\/users\/27"}],"replies":[{"embeddable":true,"href":"https:\/\/blogs.correiobraziliense.com.br\/servidor\/wp-json\/wp\/v2\/comments?post=5713"}],"version-history":[{"count":1,"href":"https:\/\/blogs.correiobraziliense.com.br\/servidor\/wp-json\/wp\/v2\/posts\/5713\/revisions"}],"predecessor-version":[{"id":5714,"href":"https:\/\/blogs.correiobraziliense.com.br\/servidor\/wp-json\/wp\/v2\/posts\/5713\/revisions\/5714"}],"wp:attachment":[{"href":"https:\/\/blogs.correiobraziliense.com.br\/servidor\/wp-json\/wp\/v2\/media?parent=5713"}],"wp:term":[{"taxonomy":"category","embeddable":true,"href":"https:\/\/blogs.correiobraziliense.com.br\/servidor\/wp-json\/wp\/v2\/categories?post=5713"},{"taxonomy":"post_tag","embeddable":true,"href":"https:\/\/blogs.correiobraziliense.com.br\/servidor\/wp-json\/wp\/v2\/tags?post=5713"}],"curies":[{"name":"wp","href":"https:\/\/api.w.org\/{rel}","templated":true}]}}