{"id":5706,"date":"2017-06-28T17:00:10","date_gmt":"2017-06-28T20:00:10","guid":{"rendered":"https:\/\/blogs.correiobraziliense.com.br\/servidor\/?p=5706"},"modified":"2017-06-28T17:00:10","modified_gmt":"2017-06-28T20:00:10","slug":"greve-geral-tera-adesao-dos-metalurgicos-e-outras-dez-categorias-de-sao-jose-dos-campos-e-regiao","status":"publish","type":"post","link":"https:\/\/blogs.correiobraziliense.com.br\/servidor\/greve-geral-tera-adesao-dos-metalurgicos-e-outras-dez-categorias-de-sao-jose-dos-campos-e-regiao\/","title":{"rendered":"Greve geral ter\u00e1 ades\u00e3o dos metal\u00fargicos  e outras dez categorias de S\u00e3o Jos\u00e9 dos Campos e regi\u00e3o"},"content":{"rendered":"<p>Os metal\u00fargicos de S\u00e3o Jos\u00e9 dos Campos e regi\u00e3o v\u00e3o aderir \u00e0 Greve geral desta <span id=\"OBJ_PREFIX_DWT1221_com_zimbra_date\" class=\"Object\">sexta<\/span>-feira, <span id=\"OBJ_PREFIX_DWT1212_com_zimbra_date\" class=\"Object\"><span id=\"OBJ_PREFIX_DWT1222_com_zimbra_date\" class=\"Object\">30 de junho<\/span><\/span>. Esta ser\u00e1 a <span id=\"OBJ_PREFIX_DWT1213_com_zimbra_date\" class=\"Object\"><span id=\"OBJ_PREFIX_DWT1223_com_zimbra_date\" class=\"Object\">segunda<\/span><\/span> vez que trabalhadores de todo o pa\u00eds far\u00e3o uma greve conjunta, num per\u00edodo de apenas dois meses, exigindo a sa\u00edda do presidente Michel Temer (PMDB) e contra as reformas trabalhista e da Previd\u00eancia, lembrou o sindicato.<\/p>\n<p>A regi\u00e3o de S\u00e3o Jos\u00e9 dos Campos concentra algumas das principais metal\u00fargicas do estado de S\u00e3o Paulo, como a General Motors, Embraer e Gerdau.<\/p>\n<p>Tamb\u00e9m j\u00e1 est\u00e1 aprovada em assembleia a ades\u00e3o dos condutores, petroleiros, banc\u00e1rios, vidreiros, qu\u00edmicos, Correios, alimenta\u00e7\u00e3o, constru\u00e7\u00e3o civil, servidores municipais de S\u00e3o Jos\u00e9 dos Campos e Jacare\u00ed e servidores estaduais da sa\u00fade e Previd\u00eancia. Todas essas categorias participaram da greve do dia <span id=\"OBJ_PREFIX_DWT1214_com_zimbra_date\" class=\"Object\"><span id=\"OBJ_PREFIX_DWT1224_com_zimbra_date\" class=\"Object\">28 de abril, divulgou o sindicato dos Metal\u00fargicos<\/span><\/span>.<\/p>\n<p>As paralisa\u00e7\u00f5es est\u00e3o sendo convocadas pelas centrais sindicais CSP-Conlutas, CUT, For\u00e7a Sindical, CGTB, CSB, CTB, Intersindical, NCST e UGT.<\/p>\n<p>A greve geral acontece na semana que antecede a prov\u00e1vel vota\u00e7\u00e3o da reforma trabalhista no plen\u00e1rio do Senado. &#8220;As mudan\u00e7as orquestradas pelo governo Temer na CLT (Consolida\u00e7\u00e3o das Leis do Trabalho) colocar\u00e3o em risco direitos hist\u00f3ricos dos trabalhadores. Uma das mais graves altera\u00e7\u00f5es prev\u00ea que acordos negociados entre patr\u00f5es e sindicatos t\u00eam mais valor do que a legisla\u00e7\u00e3o, o que pode levar \u00e0 redu\u00e7\u00e3o de direitos&#8221;, destacou a entidade.<\/p>\n<p>\u201cAs reformas preparadas pelo governo Temer s\u00e3o um grave ataque aos direitos trabalhistas e previdenci\u00e1rios e ser\u00e3o votadas por um Congresso Nacional formado por corruptos. O presidente Temer e os parlamentares n\u00e3o t\u00eam qualquer moral para impor essas reformas aos trabalhadores. Temos que tirar todos esses corruptos do Pal\u00e1cio do Planalto e do Congresso Nacional\u201d, afirma o presidente do Sindicato dos Metal\u00fargicos, Ant\u00f4nio Ferreira de Barros, o Macap\u00e1.<\/p>\n<p>O Sindicato dos Metal\u00fargicos, filiado \u00e0 CSP-Conlutas, abrange as cidades de S\u00e3o Jos\u00e9 dos Campos, Jacare\u00ed, Ca\u00e7apava, Santa Branca e Igarat\u00e1.<\/p>\n","protected":false},"excerpt":{"rendered":"<p>Os metal\u00fargicos de S\u00e3o Jos\u00e9 dos Campos e regi\u00e3o v\u00e3o aderir \u00e0 Greve geral desta sexta-feira, 30 de junho. Esta ser\u00e1 a segunda vez que trabalhadores de todo o pa\u00eds far\u00e3o uma greve conjunta, num per\u00edodo de apenas dois meses, exigindo a sa\u00edda do presidente Michel Temer (PMDB) e contra as reformas trabalhista e da Previd\u00eancia, lembrou o sindicato. A [&hellip;]<\/p>\n","protected":false},"author":27,"featured_media":0,"comment_status":"open","ping_status":"closed","sticky":false,"template":"","format":"standard","meta":{"footnotes":""},"categories":[2719],"tags":[474,7007,803,3326,2272,1723,6341,2383,999,619,870,2907,15,7009,3327,7006,2092,128,3328,678,132,711,7008,607,696,3801,19,2157,2966],"class_list":["post-5706","post","type-post","status-publish","format-standard","hentry","category-servidor","tag-adesao","tag-cacapava","tag-categorias","tag-cgtb","tag-clt","tag-csb","tag-csp-conlutas","tag-ctb","tag-cut","tag-direitos","tag-forca-sindical","tag-geral","tag-greve","tag-igarata","tag-intersindical","tag-jacarei","tag-legislacao","tag-metalurgicos","tag-ncst","tag-patroes","tag-previdenciaria","tag-reforma","tag-santa-branca","tag-sao-jose-dos-campos","tag-senado","tag-sindicatos","tag-trabalhadores","tag-trabalhista","tag-ugt"],"_links":{"self":[{"href":"https:\/\/blogs.correiobraziliense.com.br\/servidor\/wp-json\/wp\/v2\/posts\/5706","targetHints":{"allow":["GET"]}}],"collection":[{"href":"https:\/\/blogs.correiobraziliense.com.br\/servidor\/wp-json\/wp\/v2\/posts"}],"about":[{"href":"https:\/\/blogs.correiobraziliense.com.br\/servidor\/wp-json\/wp\/v2\/types\/post"}],"author":[{"embeddable":true,"href":"https:\/\/blogs.correiobraziliense.com.br\/servidor\/wp-json\/wp\/v2\/users\/27"}],"replies":[{"embeddable":true,"href":"https:\/\/blogs.correiobraziliense.com.br\/servidor\/wp-json\/wp\/v2\/comments?post=5706"}],"version-history":[{"count":1,"href":"https:\/\/blogs.correiobraziliense.com.br\/servidor\/wp-json\/wp\/v2\/posts\/5706\/revisions"}],"predecessor-version":[{"id":5707,"href":"https:\/\/blogs.correiobraziliense.com.br\/servidor\/wp-json\/wp\/v2\/posts\/5706\/revisions\/5707"}],"wp:attachment":[{"href":"https:\/\/blogs.correiobraziliense.com.br\/servidor\/wp-json\/wp\/v2\/media?parent=5706"}],"wp:term":[{"taxonomy":"category","embeddable":true,"href":"https:\/\/blogs.correiobraziliense.com.br\/servidor\/wp-json\/wp\/v2\/categories?post=5706"},{"taxonomy":"post_tag","embeddable":true,"href":"https:\/\/blogs.correiobraziliense.com.br\/servidor\/wp-json\/wp\/v2\/tags?post=5706"}],"curies":[{"name":"wp","href":"https:\/\/api.w.org\/{rel}","templated":true}]}}