{"id":5700,"date":"2017-06-28T16:18:52","date_gmt":"2017-06-28T19:18:52","guid":{"rendered":"https:\/\/blogs.correiobraziliense.com.br\/servidor\/?p=5700"},"modified":"2017-06-28T16:18:52","modified_gmt":"2017-06-28T19:18:52","slug":"governo-propoe-credito-suplementar-de-r-1024-milhoes-para-regularizar-emissao-de-passaporte","status":"publish","type":"post","link":"https:\/\/blogs.correiobraziliense.com.br\/servidor\/governo-propoe-credito-suplementar-de-r-1024-milhoes-para-regularizar-emissao-de-passaporte\/","title":{"rendered":"Governo prop\u00f5e cr\u00e9dito suplementar de R$ 102,4 milh\u00f5es para regularizar emiss\u00e3o de passaporte"},"content":{"rendered":"<p><em>O Minist\u00e9rio do Planejamento informou que os agendamentos e requisi\u00e7\u00f5es para passaportes est\u00e3o mantidos assim como os pedidos de agendamentos j\u00e1 realizados ser\u00e3o atendidos normalmente pela Pol\u00edcia Federal. A entrega de passaportes ser\u00e1 regularizada nos pr\u00f3ximos dias<br \/>\n<\/em><\/p>\n<p>De acordo com o \u00f3rg\u00e3o, o governo federal encaminha hoje ao Congresso Nacional Projeto de Lei n\u00ba 150\/2017 que prop\u00f5e abertura de cr\u00e9dito suplementar \u00e0 Lei Or\u00e7ament\u00e1ria Anual (LOA-2017) no valor de R$ 102.385.511,00 para o Minist\u00e9rio da Justi\u00e7a e Cidadania. O cr\u00e9dito ir\u00e1 regularizar os pagamentos para fornecimento de passaportes.<\/p>\n<p>Dada a urg\u00eancia do tema, a Comiss\u00e3o Mista de Or\u00e7amento pode votar o PL ainda nesta semana e o Congresso Nacional na pr\u00f3xima semana. A abertura de cr\u00e9dito suplementar no or\u00e7amento s\u00f3 pode ser feita via projeto de lei e n\u00e3o medida provis\u00f3ria.<\/p>\n<p>Cabe informar que a abertura deste cr\u00e9dito n\u00e3o amplia os limites para as despesas prim\u00e1rias estabelecidos pelo Novo Regime Fiscal (Emenda Constitucional n\u00ba 95\/2016), nem afeta a obten\u00e7\u00e3o da meta de resultado prim\u00e1rio fixada para o corrente exerc\u00edcio tendo em vista que se trata de remanejamento de recursos de outras \u00e1reas do governo.<\/p>\n<p>&#8220;Face a essas provid\u00eancias, a entrega de passaportes ser\u00e1 regularizada nos pr\u00f3ximos dias&#8221;.<\/p>\n","protected":false},"excerpt":{"rendered":"<p>O Minist\u00e9rio do Planejamento informou que os agendamentos e requisi\u00e7\u00f5es para passaportes est\u00e3o mantidos assim como os pedidos de agendamentos j\u00e1 realizados ser\u00e3o atendidos normalmente pela Pol\u00edcia Federal. A entrega de passaportes ser\u00e1 regularizada nos pr\u00f3ximos dias De acordo com o \u00f3rg\u00e3o, o governo federal encaminha hoje ao Congresso Nacional Projeto de Lei n\u00ba 150\/2017 que prop\u00f5e abertura de cr\u00e9dito [&hellip;]<\/p>\n","protected":false},"author":27,"featured_media":0,"comment_status":"open","ping_status":"closed","sticky":false,"template":"","format":"standard","meta":{"footnotes":""},"categories":[2719],"tags":[3165,100,1767,6145,312,98,4815,1973,141,313,316,2485,3212,2993],"class_list":["post-5700","post","type-post","status-publish","format-standard","hentry","category-servidor","tag-cmo","tag-congresso","tag-credito","tag-ec-952016","tag-emissao","tag-governo","tag-loa-2017","tag-ministerio-da-justica","tag-ministerio-do-planejamento","tag-passaporte","tag-recursos","tag-regularizar","tag-remanejamento","tag-suplementar"],"_links":{"self":[{"href":"https:\/\/blogs.correiobraziliense.com.br\/servidor\/wp-json\/wp\/v2\/posts\/5700","targetHints":{"allow":["GET"]}}],"collection":[{"href":"https:\/\/blogs.correiobraziliense.com.br\/servidor\/wp-json\/wp\/v2\/posts"}],"about":[{"href":"https:\/\/blogs.correiobraziliense.com.br\/servidor\/wp-json\/wp\/v2\/types\/post"}],"author":[{"embeddable":true,"href":"https:\/\/blogs.correiobraziliense.com.br\/servidor\/wp-json\/wp\/v2\/users\/27"}],"replies":[{"embeddable":true,"href":"https:\/\/blogs.correiobraziliense.com.br\/servidor\/wp-json\/wp\/v2\/comments?post=5700"}],"version-history":[{"count":1,"href":"https:\/\/blogs.correiobraziliense.com.br\/servidor\/wp-json\/wp\/v2\/posts\/5700\/revisions"}],"predecessor-version":[{"id":5701,"href":"https:\/\/blogs.correiobraziliense.com.br\/servidor\/wp-json\/wp\/v2\/posts\/5700\/revisions\/5701"}],"wp:attachment":[{"href":"https:\/\/blogs.correiobraziliense.com.br\/servidor\/wp-json\/wp\/v2\/media?parent=5700"}],"wp:term":[{"taxonomy":"category","embeddable":true,"href":"https:\/\/blogs.correiobraziliense.com.br\/servidor\/wp-json\/wp\/v2\/categories?post=5700"},{"taxonomy":"post_tag","embeddable":true,"href":"https:\/\/blogs.correiobraziliense.com.br\/servidor\/wp-json\/wp\/v2\/tags?post=5700"}],"curies":[{"name":"wp","href":"https:\/\/api.w.org\/{rel}","templated":true}]}}