{"id":5690,"date":"2017-06-28T11:48:15","date_gmt":"2017-06-28T14:48:15","guid":{"rendered":"https:\/\/blogs.correiobraziliense.com.br\/servidor\/?p=5690"},"modified":"2017-06-28T11:48:15","modified_gmt":"2017-06-28T14:48:15","slug":"servidores-prometem-parar-na-sexta-feira","status":"publish","type":"post","link":"https:\/\/blogs.correiobraziliense.com.br\/servidor\/servidores-prometem-parar-na-sexta-feira\/","title":{"rendered":"Servidores prometem parar na sexta-feira"},"content":{"rendered":"<p>A paralisa\u00e7\u00e3o e os atos p\u00fablicos contra as reformas trabalhista e da Previd\u00eancia marcados para a pr\u00f3xima sexta-feira, 30, v\u00e3o unir diversas categorias fortes de trabalhadores, como banc\u00e1rios, petroleiros, metal\u00fargicos, rodovi\u00e1rios, ferrovi\u00e1rios, metrovi\u00e1rios e servidores p\u00fablicos federais, estaduais e municipais, segundo as centrais sindicais que organizam o protesto. Com o nome de \u201cVamos parar o Brasil\u201d, o movimento contar\u00e1 com o refor\u00e7o de movimentos sociais, a exemplo das Frentes Brasil Popular (FFBP) e Povo Sem Medo (FPSM), e dos trabalhadores rurais.<\/p>\n<p>Em nota, as duas frentes declararam rep\u00fadio \u00e0s mudan\u00e7as na Consolida\u00e7\u00e3o das Leis do Trabalho (CLT), \u201cporque ampliam a precariza\u00e7\u00e3o, condenam o trabalhador a viver de bico, fragilizam a negocia\u00e7\u00e3o coletiva, al\u00e9m de dificultar o acesso \u00e0 Justi\u00e7a do Trabalho\u201d. A orienta\u00e7\u00e3o das centrais sindicais para o dia \u00e9 a realiza\u00e7\u00e3o de atividades informativas \u2014 como distribui\u00e7\u00e3o de panfletos para conscientizar a popula\u00e7\u00e3o sobre os impactos das mudan\u00e7as \u2014 assembleias e atos p\u00fablicos nos locais de trabalho.<\/p>\n<p>Ricardo Patah, presidente da Uni\u00e3o Geral dos Trabalhadores (UGT), que, em S\u00e3o Paulo, re\u00fane rodovi\u00e1rios, ferrovi\u00e1rios e motoboys, disse que \u201cos motoristas de \u00f4nibus v\u00e3o entregar aos passageiros v\u00e1rios materiais impressos com explica\u00e7\u00f5es do objetivo do protesto\u201d. O F\u00f3rum das Entidades Nacionais dos Servidores P\u00fablicos Federais (Fonasefe) referendou a participa\u00e7\u00e3o unificada dos servidores do Executivo, Legislativo e Judici\u00e1rio nas manifesta\u00e7\u00f5es de 30 de junho.<\/p>\n<p>Em Bras\u00edlia, confirmaram ades\u00e3o ao movimento, metrovi\u00e1rios, banc\u00e1rios, professores, funcion\u00e1rios dos Correios, do setor de sa\u00fade, da Universidade de Bras\u00edlia (UnB), al\u00e9m do pessoal do Judici\u00e1rio e Minist\u00e9rio P\u00fablico da Uni\u00e3o (MPU). N\u00e3o haver\u00e1 aulas nas escolas p\u00fablicas e, de acordo com o SindSa\u00fade, hospitais p\u00fablicos e unidades de sa\u00fade v\u00e3o ficar em esquema de plant\u00e3o.<\/p>\n","protected":false},"excerpt":{"rendered":"<p>A paralisa\u00e7\u00e3o e os atos p\u00fablicos contra as reformas trabalhista e da Previd\u00eancia marcados para a pr\u00f3xima sexta-feira, 30, v\u00e3o unir diversas categorias fortes de trabalhadores, como banc\u00e1rios, petroleiros, metal\u00fargicos, rodovi\u00e1rios, ferrovi\u00e1rios, metrovi\u00e1rios e servidores p\u00fablicos federais, estaduais e municipais, segundo as centrais sindicais que organizam o protesto. Com o nome de \u201cVamos parar o Brasil\u201d, o movimento contar\u00e1 com [&hellip;]<\/p>\n","protected":false},"author":27,"featured_media":0,"comment_status":"open","ping_status":"closed","sticky":false,"template":"","format":"standard","meta":{"footnotes":""},"categories":[2719],"tags":[803,2272,9,6986,1526,6987,64,10,2788,1888,549,6985,1893,58,2157,2966],"class_list":["post-5690","post","type-post","status-publish","format-standard","hentry","category-servidor","tag-categorias","tag-clt","tag-executivo","tag-ffbp","tag-fonasef","tag-fpsm","tag-judiciario","tag-legislativo","tag-mpu","tag-parar","tag-previdencia","tag-prometem","tag-reformas","tag-servidores","tag-trabalhista","tag-ugt"],"_links":{"self":[{"href":"https:\/\/blogs.correiobraziliense.com.br\/servidor\/wp-json\/wp\/v2\/posts\/5690","targetHints":{"allow":["GET"]}}],"collection":[{"href":"https:\/\/blogs.correiobraziliense.com.br\/servidor\/wp-json\/wp\/v2\/posts"}],"about":[{"href":"https:\/\/blogs.correiobraziliense.com.br\/servidor\/wp-json\/wp\/v2\/types\/post"}],"author":[{"embeddable":true,"href":"https:\/\/blogs.correiobraziliense.com.br\/servidor\/wp-json\/wp\/v2\/users\/27"}],"replies":[{"embeddable":true,"href":"https:\/\/blogs.correiobraziliense.com.br\/servidor\/wp-json\/wp\/v2\/comments?post=5690"}],"version-history":[{"count":1,"href":"https:\/\/blogs.correiobraziliense.com.br\/servidor\/wp-json\/wp\/v2\/posts\/5690\/revisions"}],"predecessor-version":[{"id":5691,"href":"https:\/\/blogs.correiobraziliense.com.br\/servidor\/wp-json\/wp\/v2\/posts\/5690\/revisions\/5691"}],"wp:attachment":[{"href":"https:\/\/blogs.correiobraziliense.com.br\/servidor\/wp-json\/wp\/v2\/media?parent=5690"}],"wp:term":[{"taxonomy":"category","embeddable":true,"href":"https:\/\/blogs.correiobraziliense.com.br\/servidor\/wp-json\/wp\/v2\/categories?post=5690"},{"taxonomy":"post_tag","embeddable":true,"href":"https:\/\/blogs.correiobraziliense.com.br\/servidor\/wp-json\/wp\/v2\/tags?post=5690"}],"curies":[{"name":"wp","href":"https:\/\/api.w.org\/{rel}","templated":true}]}}