{"id":5688,"date":"2017-06-28T11:43:48","date_gmt":"2017-06-28T14:43:48","guid":{"rendered":"https:\/\/blogs.correiobraziliense.com.br\/servidor\/?p=5688"},"modified":"2017-06-28T17:59:02","modified_gmt":"2017-06-28T20:59:02","slug":"pf-servico-de-passaporte","status":"publish","type":"post","link":"https:\/\/blogs.correiobraziliense.com.br\/servidor\/pf-servico-de-passaporte\/","title":{"rendered":"PF &#8211; Servi\u00e7o de passaporte"},"content":{"rendered":"<p>Sobre o servi\u00e7o de passaportes, a Pol\u00edcia Federal informa que est\u00e1 suspensa a confec\u00e7\u00e3o de novas cadernetas de passaportes solicitadas desde ontem ( 27\/06), \u00e0s 22 horas.<\/p>\n<p>A medida decorre da insufici\u00eancia do or\u00e7amento destinado \u00e0s atividades de controle migrat\u00f3rio e emiss\u00e3o de documentos de viagem.<\/p>\n<p>O agendamento online do servi\u00e7o e o atendimento nos postos da PF continuar\u00e3o funcionando normalmente. No entanto, n\u00e3o h\u00e1 previs\u00e3o para entrega do passaporte solicitado, enquanto n\u00e3o for normalizada a situa\u00e7\u00e3o or\u00e7ament\u00e1ria.<\/p>\n<p>Usu\u00e1rios atendidos nos postos de emiss\u00e3o at\u00e9 o dia 27\/06 receber\u00e3o seus passaportes normalmente.<\/p>\n<p>A Pol\u00edcia Federal acompanha atentamente a situa\u00e7\u00e3o junto ao Governo Federal para o restabelecimento completo do servi\u00e7o.<\/p>\n","protected":false},"excerpt":{"rendered":"<p>Sobre o servi\u00e7o de passaportes, a Pol\u00edcia Federal informa que est\u00e1 suspensa a confec\u00e7\u00e3o de novas cadernetas de passaportes solicitadas desde ontem ( 27\/06), \u00e0s 22 horas. A medida decorre da insufici\u00eancia do or\u00e7amento destinado \u00e0s atividades de controle migrat\u00f3rio e emiss\u00e3o de documentos de viagem. O agendamento online do servi\u00e7o e o atendimento nos postos da PF continuar\u00e3o funcionando [&hellip;]<\/p>\n","protected":false},"author":27,"featured_media":0,"comment_status":"open","ping_status":"closed","sticky":false,"template":"","format":"standard","meta":{"footnotes":""},"categories":[2719],"tags":[463,6981,6980,207,6982,6983,1474,318,313,319,43,6984],"class_list":["post-5688","post","type-post","status-publish","format-standard","hentry","category-servidor","tag-atividades","tag-cadernetas","tag-confeccao","tag-controle","tag-insuficiencia","tag-migratorio","tag-novas","tag-orcamento","tag-passaporte","tag-pf","tag-suspensa","tag-viagem"],"_links":{"self":[{"href":"https:\/\/blogs.correiobraziliense.com.br\/servidor\/wp-json\/wp\/v2\/posts\/5688","targetHints":{"allow":["GET"]}}],"collection":[{"href":"https:\/\/blogs.correiobraziliense.com.br\/servidor\/wp-json\/wp\/v2\/posts"}],"about":[{"href":"https:\/\/blogs.correiobraziliense.com.br\/servidor\/wp-json\/wp\/v2\/types\/post"}],"author":[{"embeddable":true,"href":"https:\/\/blogs.correiobraziliense.com.br\/servidor\/wp-json\/wp\/v2\/users\/27"}],"replies":[{"embeddable":true,"href":"https:\/\/blogs.correiobraziliense.com.br\/servidor\/wp-json\/wp\/v2\/comments?post=5688"}],"version-history":[{"count":2,"href":"https:\/\/blogs.correiobraziliense.com.br\/servidor\/wp-json\/wp\/v2\/posts\/5688\/revisions"}],"predecessor-version":[{"id":5708,"href":"https:\/\/blogs.correiobraziliense.com.br\/servidor\/wp-json\/wp\/v2\/posts\/5688\/revisions\/5708"}],"wp:attachment":[{"href":"https:\/\/blogs.correiobraziliense.com.br\/servidor\/wp-json\/wp\/v2\/media?parent=5688"}],"wp:term":[{"taxonomy":"category","embeddable":true,"href":"https:\/\/blogs.correiobraziliense.com.br\/servidor\/wp-json\/wp\/v2\/categories?post=5688"},{"taxonomy":"post_tag","embeddable":true,"href":"https:\/\/blogs.correiobraziliense.com.br\/servidor\/wp-json\/wp\/v2\/tags?post=5688"}],"curies":[{"name":"wp","href":"https:\/\/api.w.org\/{rel}","templated":true}]}}