{"id":5661,"date":"2017-06-26T20:51:00","date_gmt":"2017-06-26T23:51:00","guid":{"rendered":"https:\/\/blogs.correiobraziliense.com.br\/servidor\/?p=5661"},"modified":"2017-06-26T20:51:00","modified_gmt":"2017-06-26T23:51:00","slug":"nota-de-esclarecimento-mpfdf-apura-desde-maio-atuacao-de-ex-procurador-da-republica-como-defensor-da-holding-jf","status":"publish","type":"post","link":"https:\/\/blogs.correiobraziliense.com.br\/servidor\/nota-de-esclarecimento-mpfdf-apura-desde-maio-atuacao-de-ex-procurador-da-republica-como-defensor-da-holding-jf\/","title":{"rendered":"Nota de esclarecimento: MPF\/DF apura, desde maio, atua\u00e7\u00e3o de ex-procurador da Rep\u00fablica como defensor da holding J&amp;F"},"content":{"rendered":"<div align=\"justify\">\n<div class=\"m_421202510415695482western\">&#8220;Sobre a afirma\u00e7\u00e3o feita pelo ministro do Supremo Tribunal Federal (STF) Gilmar Mendes &#8211; durante entrevista concedida ao SBT e parcialmente reproduzida nesta segunda-feira (26) por outros ve\u00edculos de comunica\u00e7\u00e3o &#8211; de que o Minist\u00e9rio P\u00fablico Federal (MPF) deveria apurar a participa\u00e7\u00e3o do ex-procurador da Rep\u00fablica Marcelo Paranhos de Oliveira Miller na condi\u00e7\u00e3o de advogado do Grupo J&amp;F, o MPF esclarece:<\/p>\n<p>Desde o dia 26 de maio, o assunto \u00e9 objeto de uma investiga\u00e7\u00e3o em curso na Procuradoria da Rep\u00fablica no Distrito Federal (PR\/DF). Trata-se de Procedimento Preparat\u00f3rio (PP), aberto a partir de representa\u00e7\u00e3o enviada \u00e0 unidade. O instrumento antecede a abertura de inqu\u00e9rito civil e tem o objetivo de reunir informa\u00e7\u00f5es que podem justificar a continuidade ou o arquivamento da investiga\u00e7\u00e3o.<\/p>\n<p>Informa ainda que, no \u00e2mbito do PP, j\u00e1 foram solicitadas informa\u00e7\u00f5es acerca do ingresso de Marcelo Miller no escrit\u00f3rio de advocacia Trench, Rossi e Watanabe, que representou a holding J&amp;F durante parte das negocia\u00e7\u00f5es que levaram ao fechamento de acordo de leni\u00eancia entre o grupo econ\u00f4mico e o MPF. Tamb\u00e9m foram pedidos esclarecimentos \u00e0 seccional da Ordem dos Advogados do Brasil (OAB) no Rio de Janeiro, onde um procedimento interno apura o caso.&#8221;<\/p><\/div>\n<div><\/div>\n<\/div>\n<p>&nbsp;<\/p>\n","protected":false},"excerpt":{"rendered":"<p>&#8220;Sobre a afirma\u00e7\u00e3o feita pelo ministro do Supremo Tribunal Federal (STF) Gilmar Mendes &#8211; durante entrevista concedida ao SBT e parcialmente reproduzida nesta segunda-feira (26) por outros ve\u00edculos de comunica\u00e7\u00e3o &#8211; de que o Minist\u00e9rio P\u00fablico Federal (MPF) deveria apurar a participa\u00e7\u00e3o do ex-procurador da Rep\u00fablica Marcelo Paranhos de Oliveira Miller na condi\u00e7\u00e3o de advogado do Grupo J&amp;F, o MPF [&hellip;]<\/p>\n","protected":false},"author":27,"featured_media":0,"comment_status":"open","ping_status":"closed","sticky":false,"template":"","format":"standard","meta":{"footnotes":""},"categories":[2719],"tags":[6921,3455,6364,6922,89,378,1120,6923,5115,3628,34],"class_list":["post-5661","post","type-post","status-publish","format-standard","hentry","category-servidor","tag-apura","tag-gilmar-mendes","tag-grupo-jf","tag-marcelo-paranhos","tag-mpfdf","tag-oab","tag-participacao","tag-pp","tag-prdf","tag-procurador","tag-stf"],"_links":{"self":[{"href":"https:\/\/blogs.correiobraziliense.com.br\/servidor\/wp-json\/wp\/v2\/posts\/5661","targetHints":{"allow":["GET"]}}],"collection":[{"href":"https:\/\/blogs.correiobraziliense.com.br\/servidor\/wp-json\/wp\/v2\/posts"}],"about":[{"href":"https:\/\/blogs.correiobraziliense.com.br\/servidor\/wp-json\/wp\/v2\/types\/post"}],"author":[{"embeddable":true,"href":"https:\/\/blogs.correiobraziliense.com.br\/servidor\/wp-json\/wp\/v2\/users\/27"}],"replies":[{"embeddable":true,"href":"https:\/\/blogs.correiobraziliense.com.br\/servidor\/wp-json\/wp\/v2\/comments?post=5661"}],"version-history":[{"count":1,"href":"https:\/\/blogs.correiobraziliense.com.br\/servidor\/wp-json\/wp\/v2\/posts\/5661\/revisions"}],"predecessor-version":[{"id":5662,"href":"https:\/\/blogs.correiobraziliense.com.br\/servidor\/wp-json\/wp\/v2\/posts\/5661\/revisions\/5662"}],"wp:attachment":[{"href":"https:\/\/blogs.correiobraziliense.com.br\/servidor\/wp-json\/wp\/v2\/media?parent=5661"}],"wp:term":[{"taxonomy":"category","embeddable":true,"href":"https:\/\/blogs.correiobraziliense.com.br\/servidor\/wp-json\/wp\/v2\/categories?post=5661"},{"taxonomy":"post_tag","embeddable":true,"href":"https:\/\/blogs.correiobraziliense.com.br\/servidor\/wp-json\/wp\/v2\/tags?post=5661"}],"curies":[{"name":"wp","href":"https:\/\/api.w.org\/{rel}","templated":true}]}}