{"id":5655,"date":"2017-06-26T14:37:11","date_gmt":"2017-06-26T17:37:11","guid":{"rendered":"https:\/\/blogs.correiobraziliense.com.br\/servidor\/?p=5655"},"modified":"2017-06-26T14:37:11","modified_gmt":"2017-06-26T17:37:11","slug":"governo-de-brasilia-nota-oficial","status":"publish","type":"post","link":"https:\/\/blogs.correiobraziliense.com.br\/servidor\/governo-de-brasilia-nota-oficial\/","title":{"rendered":"Governo de Bras\u00edlia &#8211; nota oficial"},"content":{"rendered":"<p>&#8220;O governo de Bras\u00edlia lamenta e recorrer\u00e1 da decis\u00e3o da C\u00e2mara Legislativa do Distrito Federal de editar um decreto legislativo revogando o decreto que regulamenta a lei anti-homofobia.<\/p>\n<p>Trata-se de uma atitude ilegal por invadir \u00e1rea jur\u00eddica restrita do Executivo, e que n\u00e3o encontra respaldo na realidade dos dias de hoje.<\/p>\n<p>O Estado tem que garantir a liberdade de express\u00e3o, de credo religioso e o direito de orienta\u00e7\u00e3o sexual de cada cidad\u00e3o, evitando qualquer tipo de preconceito e viol\u00eancia.<\/p>\n<p>O Governo de Bras\u00edlia est\u00e1 seguro de que, mais uma vez, o Tribunal de Justi\u00e7a reconhecer\u00e1 a autonomia do Poder Executivo de regulamentar a legisla\u00e7\u00e3o sobre este tema e de outros de interesse da sociedade.<\/p>\n<p>Rodrigo Rollemberg<\/p>\n<p>Governador de Bras\u00edlia&#8221;<\/p>\n","protected":false},"excerpt":{"rendered":"<p>&#8220;O governo de Bras\u00edlia lamenta e recorrer\u00e1 da decis\u00e3o da C\u00e2mara Legislativa do Distrito Federal de editar um decreto legislativo revogando o decreto que regulamenta a lei anti-homofobia. Trata-se de uma atitude ilegal por invadir \u00e1rea jur\u00eddica restrita do Executivo, e que n\u00e3o encontra respaldo na realidade dos dias de hoje. O Estado tem que garantir a liberdade de express\u00e3o, [&hellip;]<\/p>\n","protected":false},"author":27,"featured_media":0,"comment_status":"open","ping_status":"closed","sticky":false,"template":"","format":"standard","meta":{"footnotes":""},"categories":[2719],"tags":[6897,2910,867,6895,6899,1172,433,9,1758,98,6898,2890,102,1757,3483,6896,3476],"class_list":["post-5655","post","type-post","status-publish","format-standard","hentry","category-servidor","tag-anti-homofovia","tag-area","tag-brasilia","tag-camara-legislativa","tag-credo","tag-decreto","tag-distrito-federal","tag-executivo","tag-expressao","tag-governo","tag-invadir","tag-juridica","tag-lei","tag-liberdade","tag-orientacao","tag-revogando","tag-sexual"],"_links":{"self":[{"href":"https:\/\/blogs.correiobraziliense.com.br\/servidor\/wp-json\/wp\/v2\/posts\/5655","targetHints":{"allow":["GET"]}}],"collection":[{"href":"https:\/\/blogs.correiobraziliense.com.br\/servidor\/wp-json\/wp\/v2\/posts"}],"about":[{"href":"https:\/\/blogs.correiobraziliense.com.br\/servidor\/wp-json\/wp\/v2\/types\/post"}],"author":[{"embeddable":true,"href":"https:\/\/blogs.correiobraziliense.com.br\/servidor\/wp-json\/wp\/v2\/users\/27"}],"replies":[{"embeddable":true,"href":"https:\/\/blogs.correiobraziliense.com.br\/servidor\/wp-json\/wp\/v2\/comments?post=5655"}],"version-history":[{"count":1,"href":"https:\/\/blogs.correiobraziliense.com.br\/servidor\/wp-json\/wp\/v2\/posts\/5655\/revisions"}],"predecessor-version":[{"id":5656,"href":"https:\/\/blogs.correiobraziliense.com.br\/servidor\/wp-json\/wp\/v2\/posts\/5655\/revisions\/5656"}],"wp:attachment":[{"href":"https:\/\/blogs.correiobraziliense.com.br\/servidor\/wp-json\/wp\/v2\/media?parent=5655"}],"wp:term":[{"taxonomy":"category","embeddable":true,"href":"https:\/\/blogs.correiobraziliense.com.br\/servidor\/wp-json\/wp\/v2\/categories?post=5655"},{"taxonomy":"post_tag","embeddable":true,"href":"https:\/\/blogs.correiobraziliense.com.br\/servidor\/wp-json\/wp\/v2\/tags?post=5655"}],"curies":[{"name":"wp","href":"https:\/\/api.w.org\/{rel}","templated":true}]}}