{"id":5639,"date":"2017-06-23T19:56:49","date_gmt":"2017-06-23T22:56:49","guid":{"rendered":"https:\/\/blogs.correiobraziliense.com.br\/servidor\/?p=5639"},"modified":"2017-06-23T19:56:49","modified_gmt":"2017-06-23T22:56:49","slug":"flavia-piovesan-e-eleita-conselheira-da-comissao-interamericana-de-direitos-humanos","status":"publish","type":"post","link":"https:\/\/blogs.correiobraziliense.com.br\/servidor\/flavia-piovesan-e-eleita-conselheira-da-comissao-interamericana-de-direitos-humanos\/","title":{"rendered":"Fl\u00e1via Piovesan \u00e9 eleita conselheira da Comiss\u00e3o Interamericana de Direitos Humanos"},"content":{"rendered":"<p>A Secret\u00e1ria Especial de Direitos Humanos do Minist\u00e9rio da Justi\u00e7a e Cidadania, procuradora do Estado de S\u00e3o Paulo e associada da Apesp (Associa\u00e7\u00e3o de Procuradores do Estado de S\u00e3o Paulo) Fl\u00e1via Piovesan foi eleita nesta quarta-feira (21\/6), durante o XLVII Per\u00edodo Ordin\u00e1rio da Assembleia Geral da OEA, no M\u00e9xico, conselheira da Comiss\u00e3o Interamericana de Direitos Humanos (CIDH) para o per\u00edodo de 2018 a 2021.<\/p>\n<p>Piovesan foi indicada ao cargo em mar\u00e7o \u00faltimo pela Miss\u00e3o Permanente do Brasil junto \u00e0 Organiza\u00e7\u00e3o dos Estados Americanos (OEA). &#8220;A procuradora \u00e9 uma das maiores autoridades brasileiras na \u00e1rea de Direitos Humanos, reconhecida internacionalmente por sua capacidade intelectual e comprometimento&#8221;, destaca o presidente da Apesp, Marcos Nusdeo.<\/p>\n","protected":false},"excerpt":{"rendered":"<p>A Secret\u00e1ria Especial de Direitos Humanos do Minist\u00e9rio da Justi\u00e7a e Cidadania, procuradora do Estado de S\u00e3o Paulo e associada da Apesp (Associa\u00e7\u00e3o de Procuradores do Estado de S\u00e3o Paulo) Fl\u00e1via Piovesan foi eleita nesta quarta-feira (21\/6), durante o XLVII Per\u00edodo Ordin\u00e1rio da Assembleia Geral da OEA, no M\u00e9xico, conselheira da Comiss\u00e3o Interamericana de Direitos Humanos (CIDH) para o per\u00edodo [&hellip;]<\/p>\n","protected":false},"author":27,"featured_media":0,"comment_status":"open","ping_status":"closed","sticky":false,"template":"","format":"standard","meta":{"footnotes":""},"categories":[2719],"tags":[6870,4617,4616,6541,6869,6868,3807],"class_list":["post-5639","post","type-post","status-publish","format-standard","hentry","category-servidor","tag-apesp","tag-cidh","tag-comissao-interamericana-de-direitos-humanos","tag-conselheira","tag-eleita","tag-flavia-piovesan","tag-oea"],"_links":{"self":[{"href":"https:\/\/blogs.correiobraziliense.com.br\/servidor\/wp-json\/wp\/v2\/posts\/5639","targetHints":{"allow":["GET"]}}],"collection":[{"href":"https:\/\/blogs.correiobraziliense.com.br\/servidor\/wp-json\/wp\/v2\/posts"}],"about":[{"href":"https:\/\/blogs.correiobraziliense.com.br\/servidor\/wp-json\/wp\/v2\/types\/post"}],"author":[{"embeddable":true,"href":"https:\/\/blogs.correiobraziliense.com.br\/servidor\/wp-json\/wp\/v2\/users\/27"}],"replies":[{"embeddable":true,"href":"https:\/\/blogs.correiobraziliense.com.br\/servidor\/wp-json\/wp\/v2\/comments?post=5639"}],"version-history":[{"count":1,"href":"https:\/\/blogs.correiobraziliense.com.br\/servidor\/wp-json\/wp\/v2\/posts\/5639\/revisions"}],"predecessor-version":[{"id":5640,"href":"https:\/\/blogs.correiobraziliense.com.br\/servidor\/wp-json\/wp\/v2\/posts\/5639\/revisions\/5640"}],"wp:attachment":[{"href":"https:\/\/blogs.correiobraziliense.com.br\/servidor\/wp-json\/wp\/v2\/media?parent=5639"}],"wp:term":[{"taxonomy":"category","embeddable":true,"href":"https:\/\/blogs.correiobraziliense.com.br\/servidor\/wp-json\/wp\/v2\/categories?post=5639"},{"taxonomy":"post_tag","embeddable":true,"href":"https:\/\/blogs.correiobraziliense.com.br\/servidor\/wp-json\/wp\/v2\/tags?post=5639"}],"curies":[{"name":"wp","href":"https:\/\/api.w.org\/{rel}","templated":true}]}}