{"id":5637,"date":"2017-06-23T19:54:42","date_gmt":"2017-06-23T22:54:42","guid":{"rendered":"https:\/\/blogs.correiobraziliense.com.br\/servidor\/?p=5637"},"modified":"2017-06-23T19:54:42","modified_gmt":"2017-06-23T22:54:42","slug":"tcu-aprecia-contas-de-governo-na-proxima-quarta-feira","status":"publish","type":"post","link":"https:\/\/blogs.correiobraziliense.com.br\/servidor\/tcu-aprecia-contas-de-governo-na-proxima-quarta-feira\/","title":{"rendered":"TCU aprecia Contas de Governo na pr\u00f3xima quarta-feira"},"content":{"rendered":"<p>O Tribunal de Contas da Uni\u00e3o (TCU) realizar\u00e1, na pr\u00f3xima quarta-feira (28), \u00e0s 10h30, sess\u00e3o extraordin\u00e1ria para aprecia\u00e7\u00e3o das Contas do Presidente da Rep\u00fablica referente ao exerc\u00edcio de 2016.\u00a0 O relator do processo \u2013 sob o n\u00famero TC-012.659\/2017-7 \u2013 \u00e9 o ministro Bruno Dantas.<\/p>\n<p>De acordo com a Carta Magna, compete ao TCU apreciar o referido processo, mediante parecer pr\u00e9vio, no prazo de sessenta dias a contar do seu recebimento.<\/p>\n<p>A sess\u00e3o ser\u00e1 transmitida, em tempo real, pelo canal oficial do TCU no Youtube: <a href=\"https:\/\/www.youtube.com\/user\/TCUoficial\">https:\/\/www.youtube.com\/user\/TCUoficial<\/a>.<\/p>\n","protected":false},"excerpt":{"rendered":"<p>O Tribunal de Contas da Uni\u00e3o (TCU) realizar\u00e1, na pr\u00f3xima quarta-feira (28), \u00e0s 10h30, sess\u00e3o extraordin\u00e1ria para aprecia\u00e7\u00e3o das Contas do Presidente da Rep\u00fablica referente ao exerc\u00edcio de 2016.\u00a0 O relator do processo \u2013 sob o n\u00famero TC-012.659\/2017-7 \u2013 \u00e9 o ministro Bruno Dantas. De acordo com a Carta Magna, compete ao TCU apreciar o referido processo, mediante parecer pr\u00e9vio, [&hellip;]<\/p>\n","protected":false},"author":27,"featured_media":0,"comment_status":"open","ping_status":"closed","sticky":false,"template":"","format":"standard","meta":{"footnotes":""},"categories":[2719],"tags":[6866,2278,6867,98,81,3169,1417,635],"class_list":["post-5637","post","type-post","status-publish","format-standard","hentry","category-servidor","tag-aprecia","tag-contas","tag-exercicio-de-2016","tag-governo","tag-presidente","tag-relator","tag-republica","tag-tcu"],"_links":{"self":[{"href":"https:\/\/blogs.correiobraziliense.com.br\/servidor\/wp-json\/wp\/v2\/posts\/5637","targetHints":{"allow":["GET"]}}],"collection":[{"href":"https:\/\/blogs.correiobraziliense.com.br\/servidor\/wp-json\/wp\/v2\/posts"}],"about":[{"href":"https:\/\/blogs.correiobraziliense.com.br\/servidor\/wp-json\/wp\/v2\/types\/post"}],"author":[{"embeddable":true,"href":"https:\/\/blogs.correiobraziliense.com.br\/servidor\/wp-json\/wp\/v2\/users\/27"}],"replies":[{"embeddable":true,"href":"https:\/\/blogs.correiobraziliense.com.br\/servidor\/wp-json\/wp\/v2\/comments?post=5637"}],"version-history":[{"count":1,"href":"https:\/\/blogs.correiobraziliense.com.br\/servidor\/wp-json\/wp\/v2\/posts\/5637\/revisions"}],"predecessor-version":[{"id":5638,"href":"https:\/\/blogs.correiobraziliense.com.br\/servidor\/wp-json\/wp\/v2\/posts\/5637\/revisions\/5638"}],"wp:attachment":[{"href":"https:\/\/blogs.correiobraziliense.com.br\/servidor\/wp-json\/wp\/v2\/media?parent=5637"}],"wp:term":[{"taxonomy":"category","embeddable":true,"href":"https:\/\/blogs.correiobraziliense.com.br\/servidor\/wp-json\/wp\/v2\/categories?post=5637"},{"taxonomy":"post_tag","embeddable":true,"href":"https:\/\/blogs.correiobraziliense.com.br\/servidor\/wp-json\/wp\/v2\/tags?post=5637"}],"curies":[{"name":"wp","href":"https:\/\/api.w.org\/{rel}","templated":true}]}}