{"id":5623,"date":"2017-06-23T13:52:35","date_gmt":"2017-06-23T16:52:35","guid":{"rendered":"https:\/\/blogs.correiobraziliense.com.br\/servidor\/?p=5623"},"modified":"2017-06-23T13:52:35","modified_gmt":"2017-06-23T16:52:35","slug":"64-dos-investidores-nao-acreditam-que-o-governo-temer-conseguira-aprovar-reformas","status":"publish","type":"post","link":"https:\/\/blogs.correiobraziliense.com.br\/servidor\/64-dos-investidores-nao-acreditam-que-o-governo-temer-conseguira-aprovar-reformas\/","title":{"rendered":"64% dos investidores n\u00e3o acreditam que o governo Temer conseguir\u00e1 aprovar reformas"},"content":{"rendered":"<p><em>\u201cO investidor nacional e internacional trabalha com expectativa para direcionar seus investimentos\u201d, afirma Andr\u00e9 Bona, educador financeiro do Blog de Valor<\/em><\/p>\n<p>A baixa popularidade do governo Temer era na verdade o maior trunfo para a aprova\u00e7\u00e3o das reformas trabalhista, previdenci\u00e1ria e talvez tribut\u00e1ria. Vista como certa por grande parte do mercado financeiro nacional e internacional era o ajuste que a economia brasileira precisava para que o Brasil voltasse a crescer e gerar empregos. Entretanto, a dela\u00e7\u00e3o do empres\u00e1rio Joesley Batista, juntamente com o vazamento dos \u00e1udios gravados em conversas reservadas com o presidente da Rep\u00fablica, deixou nebuloso para o mercado o futuro econ\u00f4mico do pa\u00eds. \u201cO investidor nacional e internacional trabalha com expectativa para direcionar seus investimentos. Importa o presente, mas principalmente eles se interessam pelo futuro\u201d, afirma Andr\u00e9 Bona, educador financeiro do Blog de Valor.<\/p>\n<p>Uma pesquisa in\u00e9dita do Blog de Valor, com 508 investidores, revelou que, 64% dos entrevistados n\u00e3o acreditam na aprova\u00e7\u00e3o das reformas. Apenas 36% ainda est\u00e3o confiantes que a articula\u00e7\u00e3o da atual gest\u00e3o ser\u00e1 capaz de articular a maioria no Legislativo. \u201cTodos os dias temos uma nova not\u00edcia negativa sobre o governo. Isso faz com que o investidor n\u00e3o confie na execu\u00e7\u00e3o do que precisa ser feito, pois, antes, o Pal\u00e1cio do Planalto precisa se empenhar primeiro em sobreviver\u201d, analisa Bona.<\/p>\n<p>Entretanto, um outro dado da pesquisa chama a aten\u00e7\u00e3o. Para 57% dos investidores, o presidente Temer ser\u00e1 capaz de terminar o mandato. Apenas 43% acreditam que ele sofrer\u00e1 impeachment ou ser\u00e1 cassado. \u201cIsso revela que o investidor confia no poder de articula\u00e7\u00e3o do governo para que o presidente n\u00e3o caia, por\u00e9m, ao mesmo tempo, acha que muita energia ser\u00e1 gasta nesta frente de batalha, o que impedir\u00e1 o avan\u00e7o de vota\u00e7\u00f5es complexas no plen\u00e1rio. O que \u00e9 importante saber \u00e9 que existem investimentos para per\u00edodo est\u00e1veis e per\u00edodos de calmaria e per\u00edodos de alta volatilidade, como agora. \u00c9 imprescind\u00edvel saber diversificar da forma correta para cada perfil, protegendo assim o montante que foi poupado\u201d, finaliza Andr\u00e9 Bona.<\/p>\n<p><strong>\u00a0<\/strong><\/p>\n","protected":false},"excerpt":{"rendered":"<p>\u201cO investidor nacional e internacional trabalha com expectativa para direcionar seus investimentos\u201d, afirma Andr\u00e9 Bona, educador financeiro do Blog de Valor A baixa popularidade do governo Temer era na verdade o maior trunfo para a aprova\u00e7\u00e3o das reformas trabalhista, previdenci\u00e1ria e talvez tribut\u00e1ria. Vista como certa por grande parte do mercado financeiro nacional e internacional era o ajuste que a [&hellip;]<\/p>\n","protected":false},"author":27,"featured_media":0,"comment_status":"open","ping_status":"closed","sticky":false,"template":"","format":"standard","meta":{"footnotes":""},"categories":[2719],"tags":[6842,527,6843,5109,88,2603,6841,1551,1200,98,1071,1619,1008,10,489,70,6481,132,1893,1895,2157,1307],"class_list":["post-5623","post","type-post","status-publish","format-standard","hentry","category-servidor","tag-ajsute","tag-aprovar","tag-articulacao","tag-delacao","tag-economia","tag-empregos","tag-expectativa","tag-financeiro","tag-futuro","tag-governo","tag-internacional","tag-investidores","tag-investimentos","tag-legislativo","tag-mercado","tag-nacional","tag-popularidade","tag-previdenciaria","tag-reformas","tag-temer","tag-trabalhista","tag-tributaria"],"_links":{"self":[{"href":"https:\/\/blogs.correiobraziliense.com.br\/servidor\/wp-json\/wp\/v2\/posts\/5623","targetHints":{"allow":["GET"]}}],"collection":[{"href":"https:\/\/blogs.correiobraziliense.com.br\/servidor\/wp-json\/wp\/v2\/posts"}],"about":[{"href":"https:\/\/blogs.correiobraziliense.com.br\/servidor\/wp-json\/wp\/v2\/types\/post"}],"author":[{"embeddable":true,"href":"https:\/\/blogs.correiobraziliense.com.br\/servidor\/wp-json\/wp\/v2\/users\/27"}],"replies":[{"embeddable":true,"href":"https:\/\/blogs.correiobraziliense.com.br\/servidor\/wp-json\/wp\/v2\/comments?post=5623"}],"version-history":[{"count":1,"href":"https:\/\/blogs.correiobraziliense.com.br\/servidor\/wp-json\/wp\/v2\/posts\/5623\/revisions"}],"predecessor-version":[{"id":5624,"href":"https:\/\/blogs.correiobraziliense.com.br\/servidor\/wp-json\/wp\/v2\/posts\/5623\/revisions\/5624"}],"wp:attachment":[{"href":"https:\/\/blogs.correiobraziliense.com.br\/servidor\/wp-json\/wp\/v2\/media?parent=5623"}],"wp:term":[{"taxonomy":"category","embeddable":true,"href":"https:\/\/blogs.correiobraziliense.com.br\/servidor\/wp-json\/wp\/v2\/categories?post=5623"},{"taxonomy":"post_tag","embeddable":true,"href":"https:\/\/blogs.correiobraziliense.com.br\/servidor\/wp-json\/wp\/v2\/tags?post=5623"}],"curies":[{"name":"wp","href":"https:\/\/api.w.org\/{rel}","templated":true}]}}