{"id":5619,"date":"2017-06-23T11:35:47","date_gmt":"2017-06-23T14:35:47","guid":{"rendered":"https:\/\/blogs.correiobraziliense.com.br\/servidor\/?p=5619"},"modified":"2017-06-23T11:36:23","modified_gmt":"2017-06-23T14:36:23","slug":"reajuste-indefinido-para-carreirao","status":"publish","type":"post","link":"https:\/\/blogs.correiobraziliense.com.br\/servidor\/reajuste-indefinido-para-carreirao\/","title":{"rendered":"Reajuste indefinido para o carreir\u00e3o"},"content":{"rendered":"<p><em>Governo ainda n\u00e3o definiu percentual de aumento e \u00e9 poss\u00edvel que, devido \u00e0 crise econ\u00f4mica e \u00e0 lei de teto dos gastos, servidores do carreir\u00e3o federal fiquem sem corre\u00e7\u00e3o. Escolha por 10,8%, em 2015, e periodicidade de dois anos pode ter prejudicado a categoria, sinalizou o Minist\u00e9rio do Planejamento<\/em><\/p>\n<p>Augusto Akira Chiba, secret\u00e1rio de Gest\u00e3o de Pessoas do Minist\u00e9rio do Planejamento (MPOG), contou que ele ainda aguarda orienta\u00e7\u00e3o sobre o que ser\u00e1 oferecido a esse contingente de trabalhadores. &#8220;N\u00e3o sabemos ainda o que ser\u00e1 feito. \u00c9 uma quest\u00e3o que o governo vai ter que resolver\u201d, destacou. \u201cAlguns conseguiram excelente acordo. E agora, com a queda da infla\u00e7\u00e3o, v\u00e3o ter ganho real. Mas o carreir\u00e3o aptou por dois anos\u201d, lembrou Chiba.<\/p>\n<p>Arnaldo Lima, assessor especial do \u00f3rg\u00e3o, destacou que \u201co governo tem que respeitar o teto dos gastos\u201d, sinalizando que dificilmente ser\u00e3o aceitas novas despesas. O fato \u00e9 que o governo continua comemorando a queda do gasto p\u00fablico prim\u00e1rio da Uni\u00e3o com pessoal, em rela\u00e7\u00e3o ao Produto Interno Bruto (PIB, soma das riquezas do pa\u00eds). Baixou de 4,4% para 4,2% do PIB, de 2006 para 2017.<\/p>\n<p>O comportamento do gasto &#8211; que o mercado ainda critica e exige cortes &#8211; daqui para frente depender\u00e1 da decis\u00e3o estrat\u00e9gica do governo com o funcionalismo. Falta consolidar reajustes de oito carreiras de Estado, com previs\u00e3o de aumento das despesas de R$ 11 bilh\u00f5es, e ainda enfrentar \u00e1rdua negocia\u00e7\u00e3o com o carreir\u00e3o (80% dos servidores federais), que assinaram acordo de 10,8%, em duas parcelas (2016 e 2017) de 5,5% e 5%, e j\u00e1 come\u00e7am a campanha salarial de 2018.<\/p>\n<p>Para se equiparar \u00e0s demais carreiras de Estado, que ganharam 27,9%, em quatro anos at\u00e9 2019, o carreir\u00e3o precisar\u00e1 de reposi\u00e7\u00e3o m\u00ednima de 8,64%. Mas, por v\u00e1rias vezes, ontem, ap\u00f3s o lan\u00e7amento do Painel Estat\u00edstico de Pessoal (PEP), os t\u00e9cnicos do MPOG deixaram claro que, diante da necessidade de ajuste fiscal, essa equipara\u00e7\u00e3o n\u00e3o ser\u00e1 poss\u00edvel. <span style=\"color: #000000\"><span style=\"font-family: Utopia,sans-serif\"><span style=\"font-size: small\"><br \/>\n<\/span><\/span><\/span><\/p>\n<p><span style=\"font-family: Utopia,sans-serif\"><span style=\"font-size: small\">\u00a0<\/span><\/span><\/p>\n<p><span style=\"font-family: Utopia,sans-serif\"><span style=\"font-size: small\">\u00a0<\/span><\/span><\/p>\n","protected":false},"excerpt":{"rendered":"<p>Governo ainda n\u00e3o definiu percentual de aumento e \u00e9 poss\u00edvel que, devido \u00e0 crise econ\u00f4mica e \u00e0 lei de teto dos gastos, servidores do carreir\u00e3o federal fiquem sem corre\u00e7\u00e3o. Escolha por 10,8%, em 2015, e periodicidade de dois anos pode ter prejudicado a categoria, sinalizou o Minist\u00e9rio do Planejamento Augusto Akira Chiba, secret\u00e1rio de Gest\u00e3o de Pessoas do Minist\u00e9rio do [&hellip;]<\/p>\n","protected":false},"author":27,"featured_media":0,"comment_status":"open","ping_status":"closed","sticky":false,"template":"","format":"standard","meta":{"footnotes":""},"categories":[2719],"tags":[78,1615,55,366,235,1371,56,67,3730,1635,1169,98,6840,240,141,2421,6728,1804,2499,239,882,642],"class_list":["post-5619","post","type-post","status-publish","format-standard","hentry","category-servidor","tag-ajuste","tag-carreirao","tag-carreiras","tag-crise","tag-despesas","tag-equiparacao","tag-estado","tag-fiscal","tag-ganho","tag-gasto","tag-gastos","tag-governo","tag-indefinido","tag-inflacao","tag-ministerio-do-planejamento","tag-mpog","tag-pep","tag-pib","tag-reajsute","tag-real","tag-reposicao","tag-teto"],"_links":{"self":[{"href":"https:\/\/blogs.correiobraziliense.com.br\/servidor\/wp-json\/wp\/v2\/posts\/5619","targetHints":{"allow":["GET"]}}],"collection":[{"href":"https:\/\/blogs.correiobraziliense.com.br\/servidor\/wp-json\/wp\/v2\/posts"}],"about":[{"href":"https:\/\/blogs.correiobraziliense.com.br\/servidor\/wp-json\/wp\/v2\/types\/post"}],"author":[{"embeddable":true,"href":"https:\/\/blogs.correiobraziliense.com.br\/servidor\/wp-json\/wp\/v2\/users\/27"}],"replies":[{"embeddable":true,"href":"https:\/\/blogs.correiobraziliense.com.br\/servidor\/wp-json\/wp\/v2\/comments?post=5619"}],"version-history":[{"count":2,"href":"https:\/\/blogs.correiobraziliense.com.br\/servidor\/wp-json\/wp\/v2\/posts\/5619\/revisions"}],"predecessor-version":[{"id":5621,"href":"https:\/\/blogs.correiobraziliense.com.br\/servidor\/wp-json\/wp\/v2\/posts\/5619\/revisions\/5621"}],"wp:attachment":[{"href":"https:\/\/blogs.correiobraziliense.com.br\/servidor\/wp-json\/wp\/v2\/media?parent=5619"}],"wp:term":[{"taxonomy":"category","embeddable":true,"href":"https:\/\/blogs.correiobraziliense.com.br\/servidor\/wp-json\/wp\/v2\/categories?post=5619"},{"taxonomy":"post_tag","embeddable":true,"href":"https:\/\/blogs.correiobraziliense.com.br\/servidor\/wp-json\/wp\/v2\/tags?post=5619"}],"curies":[{"name":"wp","href":"https:\/\/api.w.org\/{rel}","templated":true}]}}