{"id":5611,"date":"2017-06-22T21:26:09","date_gmt":"2017-06-23T00:26:09","guid":{"rendered":"https:\/\/blogs.correiobraziliense.com.br\/servidor\/?p=5611"},"modified":"2017-06-22T21:26:09","modified_gmt":"2017-06-23T00:26:09","slug":"advogado-defende-perdao-judicial-para-outros-reus-da-lava-jato","status":"publish","type":"post","link":"https:\/\/blogs.correiobraziliense.com.br\/servidor\/advogado-defende-perdao-judicial-para-outros-reus-da-lava-jato\/","title":{"rendered":"Advogado defende perd\u00e3o judicial para outros r\u00e9us da Lava Jato"},"content":{"rendered":"<p>O Supremo Tribunal Federal deve frustrar a expectativa de alguns advogados criminalistas no julgamento que deve manter a homologa\u00e7\u00e3o das dela\u00e7\u00f5es do empres\u00e1rio Joesley Batista, dono da JBS, nesta ter\u00e7a-feira (22\/6). \u201cA expectativa \u00e9 que o Plen\u00e1rio do Supremo, para neutralizar a sensa\u00e7\u00e3o de impunidade, pudesse equiparar de maneira ison\u00f4mica os benef\u00edcios concedidos aos delatores da JBS \u00e0queles negociados com outros colaboradores \u2014 que n\u00e3o receberam perd\u00e3o judicial\u201d, afirma o advogado Adib Abdouni, constitucionalista e criminalista. Ele lembra que recentemente, a presidente do STF, Carmem L\u00facia, homologou tamb\u00e9m monocraticamente 77 colabora\u00e7\u00f5es de executivos da Odebrecht, \u201csem que isso tenha gerado perplexidade maior\u201d.<\/p>\n<p>Daniel Bialski, criminalista e s\u00f3cio do Bialski Advogados<strong>, <\/strong>diz que n\u00e3o se pode ter dois pesos e duas medidas. \u201cIsso sim deve ser ponderado com maior profundidade porque j\u00e1 se viu casos em que o MPF n\u00e3o quis celebrar acordo e o Judici\u00e1rio teve que intervir porque a colabora\u00e7\u00e3o se mostrou importante (coordenada pela Pol\u00edcia Federal). Esperamos que o STF e os ju\u00edzes estejam vigilantes e equidistantes de simpatias ou antipatias pol\u00edticas. A lei deve estar acima dessa paix\u00e3o\u201d, afirma.<\/p>\n<p>Guilherme San Juan, criminalista, s\u00f3cio do San Juan Araujo Advogados, afirma que a anula\u00e7\u00e3o das dela\u00e7\u00f5es depois de quase uma centena de acordos homologados monocraticamente pelos ministros relatores, traria enorme inseguran\u00e7a jur\u00eddica aos jurisdicionados.<\/p>\n<p>De acordo com Vera Chemim, advogada constitucionalista, o importante nesse contexto \u00e9 que a lei prevale\u00e7a. \u201cNesse caso, a Lei 12.850 que disp\u00f5e sobre as organiza\u00e7\u00f5es criminosas n\u00e3o teria mais efic\u00e1cia e tampouco seria v\u00e1lida. Em resumo: ou se respeita a legisla\u00e7\u00e3o, at\u00e9 porque estamos em um pa\u00eds \u2018civil law\u2019, ou se parte para o \u2018ativismo judicial\u2019, o que representaria o meio caminho para uma sutil ditadura\u201d.<\/p>\n<p>Para Fernando Augusto Fernandes, advogado criminalista, s\u00f3cio do Fernando Fernandes Advogados Associados, com base no regimento interno, o ministro Edson Fachin j\u00e1\u00a0deveria ter perdido a relatoria da Lava Jato em raz\u00e3o de ter sido voto vencido\u00a0 em dois <em>habeas corpus<\/em> de r\u00e9us na a\u00e7\u00e3o.<\/p>\n<p>&nbsp;<\/p>\n<p>&nbsp;<\/p>\n","protected":false},"excerpt":{"rendered":"<p>O Supremo Tribunal Federal deve frustrar a expectativa de alguns advogados criminalistas no julgamento que deve manter a homologa\u00e7\u00e3o das dela\u00e7\u00f5es do empres\u00e1rio Joesley Batista, dono da JBS, nesta ter\u00e7a-feira (22\/6). \u201cA expectativa \u00e9 que o Plen\u00e1rio do Supremo, para neutralizar a sensa\u00e7\u00e3o de impunidade, pudesse equiparar de maneira ison\u00f4mica os benef\u00edcios concedidos aos delatores da JBS \u00e0queles negociados com [&hellip;]<\/p>\n","protected":false},"author":27,"featured_media":0,"comment_status":"open","ping_status":"closed","sticky":false,"template":"","format":"standard","meta":{"footnotes":""},"categories":[2719],"tags":[4291,1396,5109,6820,1650,6821,5451,951,283,6403,6822,2776,1813,34],"class_list":["post-5611","post","type-post","status-publish","format-standard","hentry","category-servidor","tag-advogado","tag-defende","tag-delacao","tag-homologaao","tag-impunidade","tag-isonomica","tag-jbs","tag-judicial","tag-lava-jato","tag-perdao","tag-perplexidade","tag-plenario","tag-reus","tag-stf"],"_links":{"self":[{"href":"https:\/\/blogs.correiobraziliense.com.br\/servidor\/wp-json\/wp\/v2\/posts\/5611","targetHints":{"allow":["GET"]}}],"collection":[{"href":"https:\/\/blogs.correiobraziliense.com.br\/servidor\/wp-json\/wp\/v2\/posts"}],"about":[{"href":"https:\/\/blogs.correiobraziliense.com.br\/servidor\/wp-json\/wp\/v2\/types\/post"}],"author":[{"embeddable":true,"href":"https:\/\/blogs.correiobraziliense.com.br\/servidor\/wp-json\/wp\/v2\/users\/27"}],"replies":[{"embeddable":true,"href":"https:\/\/blogs.correiobraziliense.com.br\/servidor\/wp-json\/wp\/v2\/comments?post=5611"}],"version-history":[{"count":1,"href":"https:\/\/blogs.correiobraziliense.com.br\/servidor\/wp-json\/wp\/v2\/posts\/5611\/revisions"}],"predecessor-version":[{"id":5612,"href":"https:\/\/blogs.correiobraziliense.com.br\/servidor\/wp-json\/wp\/v2\/posts\/5611\/revisions\/5612"}],"wp:attachment":[{"href":"https:\/\/blogs.correiobraziliense.com.br\/servidor\/wp-json\/wp\/v2\/media?parent=5611"}],"wp:term":[{"taxonomy":"category","embeddable":true,"href":"https:\/\/blogs.correiobraziliense.com.br\/servidor\/wp-json\/wp\/v2\/categories?post=5611"},{"taxonomy":"post_tag","embeddable":true,"href":"https:\/\/blogs.correiobraziliense.com.br\/servidor\/wp-json\/wp\/v2\/tags?post=5611"}],"curies":[{"name":"wp","href":"https:\/\/api.w.org\/{rel}","templated":true}]}}