{"id":5596,"date":"2017-06-21T17:11:09","date_gmt":"2017-06-21T20:11:09","guid":{"rendered":"https:\/\/blogs.correiobraziliense.com.br\/servidor\/?p=5596"},"modified":"2017-06-21T17:11:09","modified_gmt":"2017-06-21T20:11:09","slug":"planejamento-lanca-painel-estatistico-de-pessoal","status":"publish","type":"post","link":"https:\/\/blogs.correiobraziliense.com.br\/servidor\/planejamento-lanca-painel-estatistico-de-pessoal\/","title":{"rendered":"Planejamento lan\u00e7a Painel Estat\u00edstico de Pessoal"},"content":{"rendered":"<p>O Minist\u00e9rio do Planejamento, Desenvolvimento e Gest\u00e3o informa que vai lan\u00e7ar, nesta quinta-feira (22), o Painel Estat\u00edstico de Pessoal (PEP), portal eletr\u00f4nico que reunir\u00e1, em um \u00fanico canal de acesso, as informa\u00e7\u00f5es estat\u00edsticas sobre gest\u00e3o de pessoas do Poder Executivo Federal. Na ocasi\u00e3o, tamb\u00e9m ser\u00e1 apresentada uma an\u00e1lise econ\u00f4mica e institucional da despesa com pessoal da administra\u00e7\u00e3o p\u00fablica federal nos \u00faltimos anos.<\/p>\n<p>O PEP ir\u00e1 oferecer ampla base de informa\u00e7\u00f5es atualizadas mensalmente, com op\u00e7\u00f5es de consulta e uso de gr\u00e1ficos, mapas e planilhas, facilitando o agrupamento e o\u00a0cruzamento dos dados. Por meio do\u00a0portal, ser\u00e1 poss\u00edvel realizar\u00a0an\u00e1lises associativas sobre Despesas de Pessoal, Quantitativos de Servidores, Remunera\u00e7\u00f5es, Concursos, Cargos e Fun\u00e7\u00f5es e Aposentadorias.<\/p>\n<p>A apresenta\u00e7\u00e3o ser\u00e1 feita pelo secret\u00e1rio de Gest\u00e3o de Pessoas, Augusto Akira Chiba, e pelo assessor especial do Minist\u00e9rio do Planejamento, Desenvolvimento e Gest\u00e3o Arnaldo Lima.<\/p>\n","protected":false},"excerpt":{"rendered":"<p>O Minist\u00e9rio do Planejamento, Desenvolvimento e Gest\u00e3o informa que vai lan\u00e7ar, nesta quinta-feira (22), o Painel Estat\u00edstico de Pessoal (PEP), portal eletr\u00f4nico que reunir\u00e1, em um \u00fanico canal de acesso, as informa\u00e7\u00f5es estat\u00edsticas sobre gest\u00e3o de pessoas do Poder Executivo Federal. Na ocasi\u00e3o, tamb\u00e9m ser\u00e1 apresentada uma an\u00e1lise econ\u00f4mica e institucional da despesa com pessoal da administra\u00e7\u00e3o p\u00fablica federal nos [&hellip;]<\/p>\n","protected":false},"author":27,"featured_media":0,"comment_status":"open","ping_status":"closed","sticky":false,"template":"","format":"standard","meta":{"footnotes":""},"categories":[2719],"tags":[3994,1790,315,561,1228,141,6731,6728,5503,6795,3235],"class_list":["post-5596","post","type-post","status-publish","format-standard","hentry","category-servidor","tag-despesa","tag-eletronico","tag-gestao","tag-informacoes","tag-lanca","tag-ministerio-do-planejamento","tag-painel-estatistico-de-pessoal","tag-pep","tag-pessoas","tag-poder-executivo-federal","tag-portal"],"_links":{"self":[{"href":"https:\/\/blogs.correiobraziliense.com.br\/servidor\/wp-json\/wp\/v2\/posts\/5596","targetHints":{"allow":["GET"]}}],"collection":[{"href":"https:\/\/blogs.correiobraziliense.com.br\/servidor\/wp-json\/wp\/v2\/posts"}],"about":[{"href":"https:\/\/blogs.correiobraziliense.com.br\/servidor\/wp-json\/wp\/v2\/types\/post"}],"author":[{"embeddable":true,"href":"https:\/\/blogs.correiobraziliense.com.br\/servidor\/wp-json\/wp\/v2\/users\/27"}],"replies":[{"embeddable":true,"href":"https:\/\/blogs.correiobraziliense.com.br\/servidor\/wp-json\/wp\/v2\/comments?post=5596"}],"version-history":[{"count":1,"href":"https:\/\/blogs.correiobraziliense.com.br\/servidor\/wp-json\/wp\/v2\/posts\/5596\/revisions"}],"predecessor-version":[{"id":5597,"href":"https:\/\/blogs.correiobraziliense.com.br\/servidor\/wp-json\/wp\/v2\/posts\/5596\/revisions\/5597"}],"wp:attachment":[{"href":"https:\/\/blogs.correiobraziliense.com.br\/servidor\/wp-json\/wp\/v2\/media?parent=5596"}],"wp:term":[{"taxonomy":"category","embeddable":true,"href":"https:\/\/blogs.correiobraziliense.com.br\/servidor\/wp-json\/wp\/v2\/categories?post=5596"},{"taxonomy":"post_tag","embeddable":true,"href":"https:\/\/blogs.correiobraziliense.com.br\/servidor\/wp-json\/wp\/v2\/tags?post=5596"}],"curies":[{"name":"wp","href":"https:\/\/api.w.org\/{rel}","templated":true}]}}