{"id":5594,"date":"2017-06-21T17:07:04","date_gmt":"2017-06-21T20:07:04","guid":{"rendered":"https:\/\/blogs.correiobraziliense.com.br\/servidor\/?p=5594"},"modified":"2017-06-21T17:07:04","modified_gmt":"2017-06-21T20:07:04","slug":"nota-oficial-das-centrais-sindicais-vitoria-no-senado-fortalece-luta-da-classe-trabalhadora","status":"publish","type":"post","link":"https:\/\/blogs.correiobraziliense.com.br\/servidor\/nota-oficial-das-centrais-sindicais-vitoria-no-senado-fortalece-luta-da-classe-trabalhadora\/","title":{"rendered":"Nota oficial das centrais sindicais  &#8211; Vit\u00f3ria no Senado fortalece luta da classe trabalhadora"},"content":{"rendered":"<p>&#8220;Parabenizamos os bravos senadores e senadoras &#8211; \u00c2ngela Portela (PDT), Humberto Costa (PT-PE), Paulo Paim (PT-RS), Paulo Rocha (PT), Regina Sousa (PT), Otto Alencar (PSD), H\u00e9lio Jos\u00e9 (PMDB), Eduardo Amorim (PSDB), L\u00eddice da Mata (PSB), Randolfe Rodrigues (Rede) &#8211; que, no dia <span id=\"OBJ_PREFIX_DWT2472_com_zimbra_date\" class=\"Object\"><span id=\"OBJ_PREFIX_DWT2477_com_zimbra_date\" class=\"Object\">20 de junho<\/span><\/span> de 2017, votaram contra o relat\u00f3rio da proposta de reforma trabalhista, o PLC 38\/2017, na Comiss\u00e3o de Assuntos Sociais (CAS) do Senado Federal.<\/p>\n<p>Esta proposta acaba com direitos trabalhistas consagrados pela Constitui\u00e7\u00e3o Federal e sua rejei\u00e7\u00e3o na CAS, por 10 a 9, foi uma vit\u00f3ria para os trabalhadores.<\/p>\n<p>Ficou demonstrado que a luta no Congresso Nacional somada \u00e0 luta do povo nas ruas foi capaz de desequilibrar a base de apoio de Michel Temer e alcan\u00e7ar esse importante resultado. Neste contexto, as centrais sindicais e seus sindicatos filiados t\u00eam desempenhado um papel crucial de resist\u00eancia e press\u00e3o, desde que esta nefasta reforma trabalhista foi proposta.<\/p>\n<p>Embora a tramita\u00e7\u00e3o prossiga e os trabalhadores ainda estejam amea\u00e7ados, a derrota pol\u00edtica sofrida pelo governo, que j\u00e1 dava como certa a aprova\u00e7\u00e3o da proposta em todas as inst\u00e2ncias, fortalece a nossa luta e alerta a sociedade para o que est\u00e1 em jogo com as reformas trabalhista e previdenci\u00e1ria.<\/p>\n<p>Essa vit\u00f3ria comprova a import\u00e2ncia e a grandeza da luta e da unidade da classe trabalhadora contra a retirada dos direitos sociais, contra os ataques \u00e0 CLT e contra o fim da Previd\u00eancia Social.<\/p>\n<p>Seguiremos, desta forma, sempre firmes e mobilizados em defesa dos direitos da classe trabalhadora. &#8220;<\/p>\n","protected":false},"excerpt":{"rendered":"<p>&#8220;Parabenizamos os bravos senadores e senadoras &#8211; \u00c2ngela Portela (PDT), Humberto Costa (PT-PE), Paulo Paim (PT-RS), Paulo Rocha (PT), Regina Sousa (PT), Otto Alencar (PSD), H\u00e9lio Jos\u00e9 (PMDB), Eduardo Amorim (PSDB), L\u00eddice da Mata (PSB), Randolfe Rodrigues (Rede) &#8211; que, no dia 20 de junho de 2017, votaram contra o relat\u00f3rio da proposta de reforma trabalhista, o PLC 38\/2017, na [&hellip;]<\/p>\n","protected":false},"author":27,"featured_media":0,"comment_status":"open","ping_status":"closed","sticky":false,"template":"","format":"standard","meta":{"footnotes":""},"categories":[2719],"tags":[1625,1259,693,619,6793,719,37,6794,711,4031,696,39,1260,19,2157,939],"class_list":["post-5594","post","type-post","status-publish","format-standard","hentry","category-servidor","tag-cas","tag-centrais","tag-congresso-nacional","tag-direitos","tag-fortalece","tag-luta","tag-nota","tag-plc-382017","tag-reforma","tag-relatorio","tag-senado","tag-senadores","tag-sindicais","tag-trabalhadores","tag-trabalhista","tag-vitoria"],"_links":{"self":[{"href":"https:\/\/blogs.correiobraziliense.com.br\/servidor\/wp-json\/wp\/v2\/posts\/5594","targetHints":{"allow":["GET"]}}],"collection":[{"href":"https:\/\/blogs.correiobraziliense.com.br\/servidor\/wp-json\/wp\/v2\/posts"}],"about":[{"href":"https:\/\/blogs.correiobraziliense.com.br\/servidor\/wp-json\/wp\/v2\/types\/post"}],"author":[{"embeddable":true,"href":"https:\/\/blogs.correiobraziliense.com.br\/servidor\/wp-json\/wp\/v2\/users\/27"}],"replies":[{"embeddable":true,"href":"https:\/\/blogs.correiobraziliense.com.br\/servidor\/wp-json\/wp\/v2\/comments?post=5594"}],"version-history":[{"count":1,"href":"https:\/\/blogs.correiobraziliense.com.br\/servidor\/wp-json\/wp\/v2\/posts\/5594\/revisions"}],"predecessor-version":[{"id":5595,"href":"https:\/\/blogs.correiobraziliense.com.br\/servidor\/wp-json\/wp\/v2\/posts\/5594\/revisions\/5595"}],"wp:attachment":[{"href":"https:\/\/blogs.correiobraziliense.com.br\/servidor\/wp-json\/wp\/v2\/media?parent=5594"}],"wp:term":[{"taxonomy":"category","embeddable":true,"href":"https:\/\/blogs.correiobraziliense.com.br\/servidor\/wp-json\/wp\/v2\/categories?post=5594"},{"taxonomy":"post_tag","embeddable":true,"href":"https:\/\/blogs.correiobraziliense.com.br\/servidor\/wp-json\/wp\/v2\/tags?post=5594"}],"curies":[{"name":"wp","href":"https:\/\/api.w.org\/{rel}","templated":true}]}}