{"id":5592,"date":"2017-06-21T17:02:48","date_gmt":"2017-06-21T20:02:48","guid":{"rendered":"https:\/\/blogs.correiobraziliense.com.br\/servidor\/?p=5592"},"modified":"2017-06-21T17:02:48","modified_gmt":"2017-06-21T20:02:48","slug":"mp-765-presidencia-da-republica-recebe-texto-aprovado-no-congresso-que-reajusta-salarios-de-servidores","status":"publish","type":"post","link":"https:\/\/blogs.correiobraziliense.com.br\/servidor\/mp-765-presidencia-da-republica-recebe-texto-aprovado-no-congresso-que-reajusta-salarios-de-servidores\/","title":{"rendered":"MP 765: Presid\u00eancia da Rep\u00fablica recebe texto aprovado no Congresso que reajusta sal\u00e1rios de servidores"},"content":{"rendered":"<p><em>Segundo nota divulgada pela Associa\u00e7\u00e3o Nacional dos Auditores Fiscais da Receita Federal (Anfip), j\u00e1 est\u00e1 na Casa Civil o Projeto de Lei de Convers\u00e3o (PLV) n\u00ba 16, de 2017 (Medida Provis\u00f3ria n\u00ba 765\/2016), que trata do reajuste salarial de oito categorias e que do b\u00f4nus de efici\u00eancia para o pessoal do Fisco<\/em><\/p>\n<p>De acordo com a Anfip, o texto foi encaminhado nesta ter\u00e7a-feira (20) para an\u00e1lise do presidente da Rep\u00fablica, que tem at\u00e9 o dia 10 de julho para sancionar a mat\u00e9ria, total ou parcialmente (com vetos).<\/p>\n<p><strong>Paridade remunerat\u00f3ria<\/strong><\/p>\n<p>Para a Anfip, a luta n\u00e3o acabou. Durante toda a campanha salarial, a Associa\u00e7\u00e3o e suas regionais foram enf\u00e1ticas na defesa da paridade entre ativos e aposentados, compromisso hist\u00f3rico com seus associados, e pela manuten\u00e7\u00e3o do subs\u00eddio.<\/p>\n<p>Mesmo com o texto aprovado pelo Congresso Nacional, a entidade, em conjunto com sua equipe jur\u00eddica, prepara as peti\u00e7\u00f5es iniciais para o ajuizamento das a\u00e7\u00f5es para o restabelecimento da paridade remunerat\u00f3ria, bem como a repristina\u00e7\u00e3o das rubricas salariais que deixaram de ser pagas quando do surgimento do subs\u00eddio.<\/p>\n<p>O patrono dos processos judiciais \u00e9 o escrit\u00f3rio de advocacia coordenado pelo ex-presidente do Supremo Tribunal Federal (STF), jurista Carlos Velloso. As a\u00e7\u00f5es somente ser\u00e3o protocoladas quando da publica\u00e7\u00e3o da Lei resultante do projeto aprovado no Congresso Nacional.<\/p>\n","protected":false},"excerpt":{"rendered":"<p>Segundo nota divulgada pela Associa\u00e7\u00e3o Nacional dos Auditores Fiscais da Receita Federal (Anfip), j\u00e1 est\u00e1 na Casa Civil o Projeto de Lei de Convers\u00e3o (PLV) n\u00ba 16, de 2017 (Medida Provis\u00f3ria n\u00ba 765\/2016), que trata do reajuste salarial de oito categorias e que do b\u00f4nus de efici\u00eancia para o pessoal do Fisco De acordo com a Anfip, o texto foi [&hellip;]<\/p>\n","protected":false},"author":27,"featured_media":0,"comment_status":"open","ping_status":"closed","sticky":false,"template":"","format":"standard","meta":{"footnotes":""},"categories":[2719],"tags":[],"class_list":["post-5592","post","type-post","status-publish","format-standard","hentry","category-servidor"],"_links":{"self":[{"href":"https:\/\/blogs.correiobraziliense.com.br\/servidor\/wp-json\/wp\/v2\/posts\/5592","targetHints":{"allow":["GET"]}}],"collection":[{"href":"https:\/\/blogs.correiobraziliense.com.br\/servidor\/wp-json\/wp\/v2\/posts"}],"about":[{"href":"https:\/\/blogs.correiobraziliense.com.br\/servidor\/wp-json\/wp\/v2\/types\/post"}],"author":[{"embeddable":true,"href":"https:\/\/blogs.correiobraziliense.com.br\/servidor\/wp-json\/wp\/v2\/users\/27"}],"replies":[{"embeddable":true,"href":"https:\/\/blogs.correiobraziliense.com.br\/servidor\/wp-json\/wp\/v2\/comments?post=5592"}],"version-history":[{"count":1,"href":"https:\/\/blogs.correiobraziliense.com.br\/servidor\/wp-json\/wp\/v2\/posts\/5592\/revisions"}],"predecessor-version":[{"id":5593,"href":"https:\/\/blogs.correiobraziliense.com.br\/servidor\/wp-json\/wp\/v2\/posts\/5592\/revisions\/5593"}],"wp:attachment":[{"href":"https:\/\/blogs.correiobraziliense.com.br\/servidor\/wp-json\/wp\/v2\/media?parent=5592"}],"wp:term":[{"taxonomy":"category","embeddable":true,"href":"https:\/\/blogs.correiobraziliense.com.br\/servidor\/wp-json\/wp\/v2\/categories?post=5592"},{"taxonomy":"post_tag","embeddable":true,"href":"https:\/\/blogs.correiobraziliense.com.br\/servidor\/wp-json\/wp\/v2\/tags?post=5592"}],"curies":[{"name":"wp","href":"https:\/\/api.w.org\/{rel}","templated":true}]}}