{"id":5589,"date":"2017-06-21T16:10:54","date_gmt":"2017-06-21T19:10:54","guid":{"rendered":"https:\/\/blogs.correiobraziliense.com.br\/servidor\/?p=5589"},"modified":"2017-06-21T16:11:47","modified_gmt":"2017-06-21T19:11:47","slug":"sindifisco-repudia-censura-presidente-da-unafisco-associacao","status":"publish","type":"post","link":"https:\/\/blogs.correiobraziliense.com.br\/servidor\/sindifisco-repudia-censura-presidente-da-unafisco-associacao\/","title":{"rendered":"Sindifisco repudia censura a presidente da Unafisco Associa\u00e7\u00e3o"},"content":{"rendered":"<p><em>O Sindicato Nacional dos Auditores Fiscais da Receita Federal (Sindifisco Nacional) critica a morda\u00e7a que a dire\u00e7\u00e3o da Fisco tentou aplicar ao presidente da Unafisco, Kleber Cabral, ap\u00f3s den\u00fancia sobre a\u00a0 proibi\u00e7\u00e3o do acesso de servidores a uma lista vip de autoridades dos Tr\u00eas Poderes, possivelmente envolvidas em crimes tribut\u00e1rios. &#8220;De fato, soa estranho a manuten\u00e7\u00e3o de lista de pessoas protegidas, num momento em que, sabe-se, as investiga\u00e7\u00f5es dos Auditores t\u00eam subsidiado importantes opera\u00e7\u00f5es policiais contra a corrup\u00e7\u00e3o, como o caso da Lava Jato, Zelotes, Calicute.<\/em><\/p>\n<p>Veja a nota do Sindifisco:<\/p>\n<p>&#8220;A Diretoria Executiva Nacional (DEN) do Sindifisco Nacional recebeu com perplexidade\u00a0<a href=\"http:\/\/www.unafiscoassociacao.org.br\/default.aspx?section=13&amp;articleId=6247\" target=\"_blank\">o relato<\/a>\u00a0de que o presidente da Unafisco Associa\u00e7\u00e3o Nacional, o Auditor Fiscal Kleber Cabral, foi notificado pela Comiss\u00e3o de \u00c9tica P\u00fablica Seccional da RFB (Receita Federal do Brasil) da instaura\u00e7\u00e3o de Processo de Apura\u00e7\u00e3o \u00c9tica, em raz\u00e3o de uma\u00a0<a href=\"http:\/\/brasil.elpais.com\/brasil\/2017\/05\/17\/politica\/1494977302_541198.html\" target=\"_blank\">entrevista concedida ao jornal El Pa\u00eds<\/a>, no m\u00eas de maio. A reportagem abordou a lista de PPE (Pessoas Politicamente Expostas), mantida sob um sistema de alerta que avisa a delegados, superintendentes, e \u00e0s vezes at\u00e9 ao secret\u00e1rio da Receita quando um Auditor acessa os dados de alguma dessas pessoas.<\/p>\n<p>A livre manifesta\u00e7\u00e3o e express\u00e3o sindical s\u00e3o garantidos pela Constitui\u00e7\u00e3o Federal. Para o Sindifisco, \u00e9 inaceit\u00e1vel o monitoramento sofrido por um dirigente sindical ou associativo. A cr\u00edtica relatada pelo jornal \u00e9 apropriada. De fato, soa estranho a manuten\u00e7\u00e3o de lista de pessoas protegidas, num momento em que, sabe-se, as investiga\u00e7\u00f5es dos Auditores t\u00eam subsidiado importantes opera\u00e7\u00f5es policiais contra a corrup\u00e7\u00e3o, como o caso da Lava Jato, Zelotes, Calicute. Para promover o combate \u00e0 corrup\u00e7\u00e3o e \u00e0 lavagem de dinheiro, \u00e9 fundamental que os Auditores Fiscais estejam protegidos de qualquer tipo de censura ou retalia\u00e7\u00e3o quando em cumprimento da sua atividade fiscalizat\u00f3ria.<\/p>\n<p>Ao longo dos anos, o Sindifisco tem exercido o seu direito de criticar medidas adotadas pelo governo e pela administra\u00e7\u00e3o da RFB, que atentam contra a efici\u00eancia da administra\u00e7\u00e3o tribut\u00e1ria ou contra a justi\u00e7a fiscal.<\/p>\n<p>Os seguidos programas de refinanciamento (Refis), a lei de repatria\u00e7\u00e3o, a revis\u00e3o da tabela do IR (Imposto de Renda), a tributa\u00e7\u00e3o sobre lucros e dividendos, a falta de transpar\u00eancia dos processos seletivos internos do \u00d3rg\u00e3o, dentre outros, s\u00e3o assuntos recorrentemente abordados pelo Sindifisco Nacional.<\/p>\n<p>Todo ato que atente contra a liberdade de express\u00e3o, seja das Entidades, seja de seus dirigentes particularmente, ser\u00e1 combatido e denunciado, a fim de que o salutar debate de ideias possa gerar o aperfei\u00e7oamento do sistema tribut\u00e1rio e da administra\u00e7\u00e3o tribut\u00e1ria em todos os seus aspectos.<\/p>\n<p>O Sindifisco repudia qualquer ato de censura praticado contra entidade sindical ou associativa que represente a categoria e, diante do ocorrido, presta todo o seu apoio \u00e0 Unafisco Associa\u00e7\u00e3o. A DEN adverte que nenhum dirigente sindical ou de entidade representativa deve se sentir constrangido ou intimidado em decorr\u00eancia da express\u00e3o de seus pensamentos. Qualquer ato de censura ou intimida\u00e7\u00e3o a entidade representativa \u00e9 recebida pelo Sindifisco como um fato grave e inaceit\u00e1vel.&#8221;<\/p>\n","protected":false},"excerpt":{"rendered":"<p>O Sindicato Nacional dos Auditores Fiscais da Receita Federal (Sindifisco Nacional) critica a morda\u00e7a que a dire\u00e7\u00e3o da Fisco tentou aplicar ao presidente da Unafisco, Kleber Cabral, ap\u00f3s den\u00fancia sobre a\u00a0 proibi\u00e7\u00e3o do acesso de servidores a uma lista vip de autoridades dos Tr\u00eas Poderes, possivelmente envolvidas em crimes tribut\u00e1rios. &#8220;De fato, soa estranho a manuten\u00e7\u00e3o de lista de pessoas [&hellip;]<\/p>\n","protected":false},"author":27,"featured_media":0,"comment_status":"open","ping_status":"closed","sticky":false,"template":"","format":"standard","meta":{"footnotes":""},"categories":[2719],"tags":[6791,138,3454,2080,2584,473,167,232,2208,6792,6790,5888,81,294,650,2837,1553,807,597,4085,3823],"class_list":["post-5589","post","type-post","status-publish","format-standard","hentry","category-servidor","tag-acessa","tag-alerta","tag-atividade","tag-censura","tag-constituicao","tag-critica","tag-dados","tag-delegados","tag-entrevista","tag-fiscalizatoria","tag-kleber-cabral","tag-ppe","tag-presidente","tag-receita-federal","tag-repudia","tag-retaliacao","tag-rfb","tag-secretario","tag-sindifisco","tag-superintendentes","tag-unafisco"],"_links":{"self":[{"href":"https:\/\/blogs.correiobraziliense.com.br\/servidor\/wp-json\/wp\/v2\/posts\/5589","targetHints":{"allow":["GET"]}}],"collection":[{"href":"https:\/\/blogs.correiobraziliense.com.br\/servidor\/wp-json\/wp\/v2\/posts"}],"about":[{"href":"https:\/\/blogs.correiobraziliense.com.br\/servidor\/wp-json\/wp\/v2\/types\/post"}],"author":[{"embeddable":true,"href":"https:\/\/blogs.correiobraziliense.com.br\/servidor\/wp-json\/wp\/v2\/users\/27"}],"replies":[{"embeddable":true,"href":"https:\/\/blogs.correiobraziliense.com.br\/servidor\/wp-json\/wp\/v2\/comments?post=5589"}],"version-history":[{"count":2,"href":"https:\/\/blogs.correiobraziliense.com.br\/servidor\/wp-json\/wp\/v2\/posts\/5589\/revisions"}],"predecessor-version":[{"id":5591,"href":"https:\/\/blogs.correiobraziliense.com.br\/servidor\/wp-json\/wp\/v2\/posts\/5589\/revisions\/5591"}],"wp:attachment":[{"href":"https:\/\/blogs.correiobraziliense.com.br\/servidor\/wp-json\/wp\/v2\/media?parent=5589"}],"wp:term":[{"taxonomy":"category","embeddable":true,"href":"https:\/\/blogs.correiobraziliense.com.br\/servidor\/wp-json\/wp\/v2\/categories?post=5589"},{"taxonomy":"post_tag","embeddable":true,"href":"https:\/\/blogs.correiobraziliense.com.br\/servidor\/wp-json\/wp\/v2\/tags?post=5589"}],"curies":[{"name":"wp","href":"https:\/\/api.w.org\/{rel}","templated":true}]}}