{"id":5587,"date":"2017-06-21T15:18:27","date_gmt":"2017-06-21T18:18:27","guid":{"rendered":"https:\/\/blogs.correiobraziliense.com.br\/servidor\/?p=5587"},"modified":"2017-06-21T15:18:27","modified_gmt":"2017-06-21T18:18:27","slug":"cpi-da-previdencia-recebe-juizes-federais","status":"publish","type":"post","link":"https:\/\/blogs.correiobraziliense.com.br\/servidor\/cpi-da-previdencia-recebe-juizes-federais\/","title":{"rendered":"CPI da Previd\u00eancia recebe ju\u00edzes federais"},"content":{"rendered":"<p>A Comiss\u00e3o Parlamentar de Inqu\u00e9rito (CPI) da Previd\u00eancia promove, na quinta-feira (22), \u00e0s 9h, a audi\u00eancia p\u00fablica interativa para ouvir ju\u00edzes federais.<\/p>\n<p>O Conselho Nacional de Justi\u00e7a e os Tribunais Regionais Federais (TRFs) das cinco regi\u00f5es do Brasil foram convidados para a mesa de debate. A Comiss\u00e3o tem o objetivo de analisar as contas da Previd\u00eancia Social e outros temas ligados ao setor.<\/p>\n<p>Quem tiver interesse em participar com coment\u00e1rios ou perguntas pode envi\u00e1-los por meio do Portal e-Cidadania e do Al\u00f4 Senado (0800-612211).<br \/>\nA transmiss\u00e3o ao vivo da reuni\u00e3o pode ser conferida em http:\/\/senado.leg.br\/ecidadania.<\/p>\n<p>Data: 22\/06<br \/>\nHor\u00e1rio: 9h<br \/>\nLocal: Ala Alexandre Costa, sala 19, Anexo II<\/p>\n","protected":false},"excerpt":{"rendered":"<p>A Comiss\u00e3o Parlamentar de Inqu\u00e9rito (CPI) da Previd\u00eancia promove, na quinta-feira (22), \u00e0s 9h, a audi\u00eancia p\u00fablica interativa para ouvir ju\u00edzes federais. O Conselho Nacional de Justi\u00e7a e os Tribunais Regionais Federais (TRFs) das cinco regi\u00f5es do Brasil foram convidados para a mesa de debate. A Comiss\u00e3o tem o objetivo de analisar as contas da Previd\u00eancia Social e outros temas [&hellip;]<\/p>\n","protected":false},"author":27,"featured_media":0,"comment_status":"open","ping_status":"closed","sticky":false,"template":"","format":"standard","meta":{"footnotes":""},"categories":[2719],"tags":[192,152,59,344,549,147,696,5629],"class_list":["post-5587","post","type-post","status-publish","format-standard","hentry","category-servidor","tag-audiencia","tag-cpi","tag-federais","tag-juizes","tag-previdencia","tag-publica","tag-senado","tag-trfs"],"_links":{"self":[{"href":"https:\/\/blogs.correiobraziliense.com.br\/servidor\/wp-json\/wp\/v2\/posts\/5587","targetHints":{"allow":["GET"]}}],"collection":[{"href":"https:\/\/blogs.correiobraziliense.com.br\/servidor\/wp-json\/wp\/v2\/posts"}],"about":[{"href":"https:\/\/blogs.correiobraziliense.com.br\/servidor\/wp-json\/wp\/v2\/types\/post"}],"author":[{"embeddable":true,"href":"https:\/\/blogs.correiobraziliense.com.br\/servidor\/wp-json\/wp\/v2\/users\/27"}],"replies":[{"embeddable":true,"href":"https:\/\/blogs.correiobraziliense.com.br\/servidor\/wp-json\/wp\/v2\/comments?post=5587"}],"version-history":[{"count":1,"href":"https:\/\/blogs.correiobraziliense.com.br\/servidor\/wp-json\/wp\/v2\/posts\/5587\/revisions"}],"predecessor-version":[{"id":5588,"href":"https:\/\/blogs.correiobraziliense.com.br\/servidor\/wp-json\/wp\/v2\/posts\/5587\/revisions\/5588"}],"wp:attachment":[{"href":"https:\/\/blogs.correiobraziliense.com.br\/servidor\/wp-json\/wp\/v2\/media?parent=5587"}],"wp:term":[{"taxonomy":"category","embeddable":true,"href":"https:\/\/blogs.correiobraziliense.com.br\/servidor\/wp-json\/wp\/v2\/categories?post=5587"},{"taxonomy":"post_tag","embeddable":true,"href":"https:\/\/blogs.correiobraziliense.com.br\/servidor\/wp-json\/wp\/v2\/tags?post=5587"}],"curies":[{"name":"wp","href":"https:\/\/api.w.org\/{rel}","templated":true}]}}