{"id":5577,"date":"2017-06-21T12:26:50","date_gmt":"2017-06-21T15:26:50","guid":{"rendered":"https:\/\/blogs.correiobraziliense.com.br\/servidor\/?p=5577"},"modified":"2017-06-21T12:26:50","modified_gmt":"2017-06-21T15:26:50","slug":"aspac-contra-aner-unareg","status":"publish","type":"post","link":"https:\/\/blogs.correiobraziliense.com.br\/servidor\/aspac-contra-aner-unareg\/","title":{"rendered":"Aspac contra Aner-Unareg"},"content":{"rendered":"<p><em>Por meio de nota, o presidente da Aspac condena atitude antidemocr\u00e1tica da Aner-Unareg<\/em><\/p>\n<p>Veja o documento:<\/p>\n<p>&#8220;Prezados,<\/p>\n<p>A ASPAC \u2013 Associa\u00e7\u00e3o dos Servidores da Ancine \u2013 manifesta seu rep\u00fadio e indigna\u00e7\u00e3o contra a carta enviada pela ANER-UNAREG \u00e0 casa Civil (em anexo), sem consulta aos servidores desta ag\u00eancia. No documento, a ANER\/UNAREG fala na suposta defesa \u201cdos interesses dos servidores efetivos\u201d da ANCINE contra a nomea\u00e7\u00e3o da atual Diretora-Presidente Interina, D\u00e9bora Ivanov, e apoia a nomea\u00e7\u00e3o no Diretor S\u00e9rgio S\u00e1 Leit\u00e3o, sem ter consultado os servidores, ou ao menos seus associados lotados na Ag\u00eancia.<\/p>\n<p>N\u00e3o \u00e9 a primeira vez que a ANER se posiciona \u00e0 revelia dos servidores. Em 14\/02\/2017, a ASPAC protocolou junto ao Minc, em atendimento a um objetivo hist\u00f3rico da Associa\u00e7\u00e3o desde a sua funda\u00e7\u00e3o, a lista de candidatos \u00e0 vaga de Diretor da ANCINE, fruto de processo eleitoral interno que teve respaldo de mais de 56% do corpo funcional, e culminou com a indica\u00e7\u00e3o de tr\u00eas nomes: Carolina Souza Ribeiro da Costa, Renata Del Giudice e Roberto dos Reis Perez. Na ocasi\u00e3o, a ANER\/ UNAREG, n\u00e3o obstante termos solicitado seu apoio, optou por apoiar candidato fora da lista, que havia escolhido n\u00e3o se submeter ao crivo de seus pares.<\/p>\n<p>Esclare\u00e7a-se que a Aspac n\u00e3o est\u00e1 se posicionando contra ou a favor de um diretor para ocupa\u00e7\u00e3o da presid\u00eancia, mas contra a postura da ANER\/ UNAREG de falar ilegitimamente em nome dos servidores da Ancine e por conta de interesses pr\u00f3prios. O processo de elabora\u00e7\u00e3o e envio da carta \u2013 sem nenhuma transpar\u00eancia &#8211; n\u00e3o possui o respaldo e n\u00e3o representa os servidores da Ancine.<\/p>\n<p>A indica\u00e7\u00e3o do Diretor-Presidente ocorre conforme o disposto no \u00a7\u00a02<sup>\u00ba<\/sup>, do art. 8\u00ba, da MP 2.228-1, e seja quem for indicado, encontrar\u00e1 na ASPAC comprometimento com uma pol\u00edtica de Estado que tenha resultados efetivos de m\u00e9dio e longo prazos, a fim de expandir o di\u00e1logo e a transpar\u00eancia.\u00a0 Apoiaremos sempre aquilo que for positivo, mas n\u00e3o nos quedaremos silentes quando a cr\u00edtica e a oposi\u00e7\u00e3o se fizerem necess\u00e1rias.<\/p>\n<p>Atenciosamente,<\/p>\n<p><strong>Carla de Monaco<\/strong><\/p>\n<p>Presidente da ASPAC&#8221;<\/p>\n","protected":false},"excerpt":{"rendered":"<p>Por meio de nota, o presidente da Aspac condena atitude antidemocr\u00e1tica da Aner-Unareg Veja o documento: &#8220;Prezados, A ASPAC \u2013 Associa\u00e7\u00e3o dos Servidores da Ancine \u2013 manifesta seu rep\u00fadio e indigna\u00e7\u00e3o contra a carta enviada pela ANER-UNAREG \u00e0 casa Civil (em anexo), sem consulta aos servidores desta ag\u00eancia. No documento, a ANER\/UNAREG fala na suposta defesa \u201cdos interesses dos servidores [&hellip;]<\/p>\n","protected":false},"author":27,"featured_media":0,"comment_status":"open","ping_status":"closed","sticky":false,"template":"","format":"standard","meta":{"footnotes":""},"categories":[2719],"tags":[4562,6771,4563,301,1422,473,1133,6773,307,3424,3544,58,168,6772],"class_list":["post-5577","post","type-post","status-publish","format-standard","hentry","category-servidor","tag-ancine","tag-aner","tag-aspac","tag-carta","tag-consulta","tag-critica","tag-dialogo","tag-diretora-presidente","tag-nomeacao","tag-oposicao","tag-respaldo","tag-servidores","tag-transparencia","tag-unareg"],"_links":{"self":[{"href":"https:\/\/blogs.correiobraziliense.com.br\/servidor\/wp-json\/wp\/v2\/posts\/5577","targetHints":{"allow":["GET"]}}],"collection":[{"href":"https:\/\/blogs.correiobraziliense.com.br\/servidor\/wp-json\/wp\/v2\/posts"}],"about":[{"href":"https:\/\/blogs.correiobraziliense.com.br\/servidor\/wp-json\/wp\/v2\/types\/post"}],"author":[{"embeddable":true,"href":"https:\/\/blogs.correiobraziliense.com.br\/servidor\/wp-json\/wp\/v2\/users\/27"}],"replies":[{"embeddable":true,"href":"https:\/\/blogs.correiobraziliense.com.br\/servidor\/wp-json\/wp\/v2\/comments?post=5577"}],"version-history":[{"count":1,"href":"https:\/\/blogs.correiobraziliense.com.br\/servidor\/wp-json\/wp\/v2\/posts\/5577\/revisions"}],"predecessor-version":[{"id":5578,"href":"https:\/\/blogs.correiobraziliense.com.br\/servidor\/wp-json\/wp\/v2\/posts\/5577\/revisions\/5578"}],"wp:attachment":[{"href":"https:\/\/blogs.correiobraziliense.com.br\/servidor\/wp-json\/wp\/v2\/media?parent=5577"}],"wp:term":[{"taxonomy":"category","embeddable":true,"href":"https:\/\/blogs.correiobraziliense.com.br\/servidor\/wp-json\/wp\/v2\/categories?post=5577"},{"taxonomy":"post_tag","embeddable":true,"href":"https:\/\/blogs.correiobraziliense.com.br\/servidor\/wp-json\/wp\/v2\/tags?post=5577"}],"curies":[{"name":"wp","href":"https:\/\/api.w.org\/{rel}","templated":true}]}}