{"id":5555,"date":"2017-06-20T13:49:28","date_gmt":"2017-06-20T16:49:28","guid":{"rendered":"https:\/\/blogs.correiobraziliense.com.br\/servidor\/?p=5555"},"modified":"2017-06-20T14:51:27","modified_gmt":"2017-06-20T17:51:27","slug":"reforma-trabalhista-e-rejeitada-no-senado","status":"publish","type":"post","link":"https:\/\/blogs.correiobraziliense.com.br\/servidor\/reforma-trabalhista-e-rejeitada-no-senado\/","title":{"rendered":"Reforma trabalhista \u00e9 rejeitada no Senado"},"content":{"rendered":"<p>Foram 10 votos contra 9. Aprovado o voto em separado do senador Paulo Paim. Rejeitado o relat\u00f3rio do senador Ricardo Ferra\u00e7o.Parlamentares comemoram e consideram que \u00e9 uma grande derrota do governo<\/p>\n<p><img loading=\"lazy\" decoding=\"async\" class=\"aligncenter wp-image-5563 size-full\" src=\"https:\/\/blogs.correiobraziliense.com.br\/servidor\/wp-content\/uploads\/sites\/10\/2017\/06\/indice.jpg\" alt=\"indice\" width=\"540\" height=\"717\" srcset=\"https:\/\/blogs.correiobraziliense.com.br\/servidor\/wp-content\/uploads\/sites\/10\/2017\/06\/indice.jpg 540w, https:\/\/blogs.correiobraziliense.com.br\/servidor\/wp-content\/uploads\/sites\/10\/2017\/06\/indice-226x300.jpg 226w, https:\/\/blogs.correiobraziliense.com.br\/servidor\/wp-content\/uploads\/sites\/10\/2017\/06\/indice-264x350.jpg 264w, https:\/\/blogs.correiobraziliense.com.br\/servidor\/wp-content\/uploads\/sites\/10\/2017\/06\/indice-230x305.jpg 230w\" sizes=\"auto, (max-width: 540px) 100vw, 540px\" \/><\/p>\n<p>Votos da base que n\u00e3o seguiram orienta\u00e7\u00e3o do governo: H\u00e9lio Jos\u00e9 (PMDB), Eduardo Amorim (PSDB) e Otto Alencar (PSD). A tramita\u00e7\u00e3o continua. Pr\u00f3ximo passo ser\u00e1 a Comiss\u00e3o de Constitui\u00e7\u00e3o e Justi\u00e7a do Senado.<\/p>\n","protected":false},"excerpt":{"rendered":"<p>Foram 10 votos contra 9. Aprovado o voto em separado do senador Paulo Paim. Rejeitado o relat\u00f3rio do senador Ricardo Ferra\u00e7o.Parlamentares comemoram e consideram que \u00e9 uma grande derrota do governo Votos da base que n\u00e3o seguiram orienta\u00e7\u00e3o do governo: H\u00e9lio Jos\u00e9 (PMDB), Eduardo Amorim (PSDB) e Otto Alencar (PSD). A tramita\u00e7\u00e3o continua. Pr\u00f3ximo passo ser\u00e1 a Comiss\u00e3o de Constitui\u00e7\u00e3o [&hellip;]<\/p>\n","protected":false},"author":27,"featured_media":5564,"comment_status":"open","ping_status":"closed","sticky":false,"template":"","format":"standard","meta":{"footnotes":""},"categories":[2719],"tags":[4300,711,6741,6742,696,2157],"class_list":["post-5555","post","type-post","status-publish","format-standard","has-post-thumbnail","hentry","category-servidor","tag-paulo-paim","tag-reforma","tag-rejeitada","tag-ricardo-ferraco","tag-senado","tag-trabalhista"],"_links":{"self":[{"href":"https:\/\/blogs.correiobraziliense.com.br\/servidor\/wp-json\/wp\/v2\/posts\/5555","targetHints":{"allow":["GET"]}}],"collection":[{"href":"https:\/\/blogs.correiobraziliense.com.br\/servidor\/wp-json\/wp\/v2\/posts"}],"about":[{"href":"https:\/\/blogs.correiobraziliense.com.br\/servidor\/wp-json\/wp\/v2\/types\/post"}],"author":[{"embeddable":true,"href":"https:\/\/blogs.correiobraziliense.com.br\/servidor\/wp-json\/wp\/v2\/users\/27"}],"replies":[{"embeddable":true,"href":"https:\/\/blogs.correiobraziliense.com.br\/servidor\/wp-json\/wp\/v2\/comments?post=5555"}],"version-history":[{"count":5,"href":"https:\/\/blogs.correiobraziliense.com.br\/servidor\/wp-json\/wp\/v2\/posts\/5555\/revisions"}],"predecessor-version":[{"id":5566,"href":"https:\/\/blogs.correiobraziliense.com.br\/servidor\/wp-json\/wp\/v2\/posts\/5555\/revisions\/5566"}],"wp:featuredmedia":[{"embeddable":true,"href":"https:\/\/blogs.correiobraziliense.com.br\/servidor\/wp-json\/wp\/v2\/media\/5564"}],"wp:attachment":[{"href":"https:\/\/blogs.correiobraziliense.com.br\/servidor\/wp-json\/wp\/v2\/media?parent=5555"}],"wp:term":[{"taxonomy":"category","embeddable":true,"href":"https:\/\/blogs.correiobraziliense.com.br\/servidor\/wp-json\/wp\/v2\/categories?post=5555"},{"taxonomy":"post_tag","embeddable":true,"href":"https:\/\/blogs.correiobraziliense.com.br\/servidor\/wp-json\/wp\/v2\/tags?post=5555"}],"curies":[{"name":"wp","href":"https:\/\/api.w.org\/{rel}","templated":true}]}}