{"id":5547,"date":"2017-06-20T11:30:15","date_gmt":"2017-06-20T14:30:15","guid":{"rendered":"https:\/\/blogs.correiobraziliense.com.br\/servidor\/?p=5547"},"modified":"2017-06-20T11:30:15","modified_gmt":"2017-06-20T14:30:15","slug":"planejamento-nota-sobre-o-painel-estatistico-de-pessoal","status":"publish","type":"post","link":"https:\/\/blogs.correiobraziliense.com.br\/servidor\/planejamento-nota-sobre-o-painel-estatistico-de-pessoal\/","title":{"rendered":"Planejamento &#8211; Nota sobre o Painel Estat\u00edstico de Pessoal"},"content":{"rendered":"<p><em>Solu\u00e7\u00e3o digital, que substitui o Boletim Estat\u00edstico de Pessoal, concentra\u00a0informa\u00e7\u00f5es estat\u00edsticas\u00a0de pessoal\u00a0do Poder Executivo Federal de forma simples e\u00a0transparente <\/em><\/p>\n<p>&#8220;O Minist\u00e9rio do Planejamento, Desenvolvimento e Gest\u00e3o (MP) ir\u00e1 lan\u00e7ar, nesta quinta-feira (22), o Painel Estat\u00edstico de Pessoal (PEP), portal eletr\u00f4nico que reunir\u00e1, em um \u00fanico canal de acesso, as informa\u00e7\u00f5es estat\u00edsticas da tem\u00e1tica de pessoal. O objetivo da iniciativa \u00e9 ampliar a transpar\u00eancia e simplificar o acesso a informa\u00e7\u00f5es sobre gest\u00e3o de pessoas do Poder Executivo Federal.<\/p>\n<p>A nova solu\u00e7\u00e3o digital foi estruturada ao longo de v\u00e1rios meses, para oferecer uma ampla base de dados atualizados mensalmente, com op\u00e7\u00f5es de consulta a grande volume de dados, uso de gr\u00e1ficos, mapas e planilhas, facilitando o agrupamento e cruzamento de informa\u00e7\u00f5es e a realiza\u00e7\u00e3o de an\u00e1lises associativas.<\/p>\n<p>Por meio da ferramenta, ser\u00e1 poss\u00edvel a realiza\u00e7\u00e3o de an\u00e1lises associativas sobre Despesas de Pessoal, Servidores, Remunera\u00e7\u00f5es, Concursos, Cargos e Fun\u00e7\u00f5es e Aposentadorias. O Painel reunir\u00e1 informa\u00e7\u00f5es como: evolu\u00e7\u00e3o de despesas liquidadas, quantitativo de servidores e for\u00e7a de trabalho, maior e menor remunera\u00e7\u00e3o por cargo, ingressos por concurso ou processo seletivo, cargos e fun\u00e7\u00f5es por regi\u00e3o e aposentadorias por \u00f3rg\u00e3o.<\/p>\n<p>Pelo PEP ser\u00e1 poss\u00edvel saber tamb\u00e9m, por exemplo, qual \u00e9 o quantitativo de servidores federais por unidade da Federa\u00e7\u00e3o e os valores de despesas com a folha de pagamento; localizar em qual \u00f3rg\u00e3o p\u00fablico est\u00e1 o grupo mais representativo de servidores com escolaridade superior; mensurar o n\u00famero de servidores por sexo ou faixa et\u00e1ria; verificar o contingente de ingressos por concurso p\u00fablico e a distribui\u00e7\u00e3o por carreiras; e conhecer o n\u00famero de ativos e aposentados, entre outros dados.<\/p>\n<p>O PEP ir\u00e1 substituir o atual Boletim Estat\u00edstico de Pessoal (BEP), publica\u00e7\u00e3o da d\u00e9cada de 90, feita em formato PDF, com atualiza\u00e7\u00f5es manuais, realizadas por trimestre. O lan\u00e7amento do Painel ser\u00e1 nesta quinta-feira (22), \u00e0s 9h, no audit\u00f3rio do Bloco K, da Esplanada dos Minist\u00e9rios, em Bras\u00edlia. O evento ser\u00e1 aberto \u00e0 imprensa.<\/p>\n<p><strong>S\u00e9rie de Transpar\u00eancia<\/strong><\/p>\n<p>O Painel Estat\u00edstico de Pessoal \u00e9 mais um produto de transpar\u00eancia lan\u00e7ado pelo Minist\u00e9rio do Planejamento este ano. Conhe\u00e7a outras iniciativas:<\/p>\n<ul>\n<li><u><a href=\"http:\/\/www.planejamento.gov.br\/assuntos\/empresas-estatais\/publicacoes\/boletim_das_empresas_estatais_federais.pdf\/@@download\/file\/Boletim_das_Empresas_Estatais_Federais.pdf\">Boletim das Estatais<\/a><br \/>\n<\/u>Publica\u00e7\u00e3o que re\u00fane dados sobre as empresas estatais federais em tr\u00eas \u00e1reas centrais: or\u00e7amento, governan\u00e7a e pol\u00edtica de pessoal.<\/li>\n<li><u><a href=\"http:\/\/paineldeprecos.planejamento.gov.br\/\">Painel de Pre\u00e7os<\/a><br \/>\n<\/u>Ferramenta que publica, de forma clara e de f\u00e1cil leitura, dados e informa\u00e7\u00f5es de compras p\u00fablicas homologadas no Sistema de Compras do Governo Federal (ComprasNet).<\/li>\n<li><u><a href=\"http:\/\/www.planejamento.gov.br\/servicos\/central-de-conteudos\/boletim-de-custeio-administrativo\">Boletim de Despesas de Custeio Administrativo<\/a><br \/>\n<\/u>Publica\u00e7\u00e3o d\u00e1 transpar\u00eancia e ampla divulga\u00e7\u00e3o \u00e0 composi\u00e7\u00e3o das despesas com o funcionamento da Administra\u00e7\u00e3o P\u00fablica Federal, que constituem a base para a presta\u00e7\u00e3o de servi\u00e7os p\u00fablicos e compreendem gastos correntes relativos a apoio administrativo, energia el\u00e9trica, \u00e1gua, telefone, pessoal de apoio, entre outros.<\/li>\n<li><u><a href=\"http:\/\/www.planejamento.gov.br\/apresentacoes\/2017\/apresentacao-gasto-publico-versao-final-corrente-e-constante-v2-1.pdf\">Composi\u00e7\u00e3o dos Gastos Prim\u00e1rios<\/a><br \/>\n<\/u>Estudo lista as despesas prim\u00e1rias do Poder Executivo.<\/li>\n<li><u><a href=\"http:\/\/www.planejamento.gov.br\/servicos\/series-estatisticas\/series-estatisticas\">S\u00e9ries Estat\u00edsticas do Planejamento<\/a><br \/>\n<\/u>Material re\u00fane informa\u00e7\u00f5es estat\u00edsticas sobre Or\u00e7amento, Gest\u00e3o, Investimentos, Pessoal e Im\u00f3veis da Uni\u00e3o.&#8221;<\/li>\n<\/ul>\n","protected":false},"excerpt":{"rendered":"<p>Solu\u00e7\u00e3o digital, que substitui o Boletim Estat\u00edstico de Pessoal, concentra\u00a0informa\u00e7\u00f5es estat\u00edsticas\u00a0de pessoal\u00a0do Poder Executivo Federal de forma simples e\u00a0transparente &#8220;O Minist\u00e9rio do Planejamento, Desenvolvimento e Gest\u00e3o (MP) ir\u00e1 lan\u00e7ar, nesta quinta-feira (22), o Painel Estat\u00edstico de Pessoal (PEP), portal eletr\u00f4nico que reunir\u00e1, em um \u00fanico canal de acesso, as informa\u00e7\u00f5es estat\u00edsticas da tem\u00e1tica de pessoal. O objetivo da iniciativa \u00e9 [&hellip;]<\/p>\n","protected":false},"author":27,"featured_media":0,"comment_status":"open","ping_status":"closed","sticky":false,"template":"","format":"standard","meta":{"footnotes":""},"categories":[2719],"tags":[2055,865,6726,6725,791,55,2938,23,235,87,3380,2610,6075,6074,1065,561,141,6731,6728,1413,1620,58,3762,1429,913],"class_list":["post-5547","post","type-post","status-publish","format-standard","hentry","category-servidor","tag-aposentadorias","tag-ativos","tag-bep","tag-boletim-estatistico-de-pessoal","tag-cargos","tag-carreiras","tag-comissionadas","tag-concursos","tag-despesas","tag-digital","tag-escolaridade","tag-estatisticas","tag-etaria","tag-faixa","tag-funcoes","tag-informacoes","tag-ministerio-do-planejamento","tag-painel-estatistico-de-pessoal","tag-pep","tag-poder-executivo","tag-remuneracao","tag-servidores","tag-sexo","tag-solucao","tag-transparente"],"_links":{"self":[{"href":"https:\/\/blogs.correiobraziliense.com.br\/servidor\/wp-json\/wp\/v2\/posts\/5547","targetHints":{"allow":["GET"]}}],"collection":[{"href":"https:\/\/blogs.correiobraziliense.com.br\/servidor\/wp-json\/wp\/v2\/posts"}],"about":[{"href":"https:\/\/blogs.correiobraziliense.com.br\/servidor\/wp-json\/wp\/v2\/types\/post"}],"author":[{"embeddable":true,"href":"https:\/\/blogs.correiobraziliense.com.br\/servidor\/wp-json\/wp\/v2\/users\/27"}],"replies":[{"embeddable":true,"href":"https:\/\/blogs.correiobraziliense.com.br\/servidor\/wp-json\/wp\/v2\/comments?post=5547"}],"version-history":[{"count":1,"href":"https:\/\/blogs.correiobraziliense.com.br\/servidor\/wp-json\/wp\/v2\/posts\/5547\/revisions"}],"predecessor-version":[{"id":5548,"href":"https:\/\/blogs.correiobraziliense.com.br\/servidor\/wp-json\/wp\/v2\/posts\/5547\/revisions\/5548"}],"wp:attachment":[{"href":"https:\/\/blogs.correiobraziliense.com.br\/servidor\/wp-json\/wp\/v2\/media?parent=5547"}],"wp:term":[{"taxonomy":"category","embeddable":true,"href":"https:\/\/blogs.correiobraziliense.com.br\/servidor\/wp-json\/wp\/v2\/categories?post=5547"},{"taxonomy":"post_tag","embeddable":true,"href":"https:\/\/blogs.correiobraziliense.com.br\/servidor\/wp-json\/wp\/v2\/tags?post=5547"}],"curies":[{"name":"wp","href":"https:\/\/api.w.org\/{rel}","templated":true}]}}